{"id":7145,"date":"2011-01-24T13:12:24","date_gmt":"2011-01-24T16:12:24","guid":{"rendered":"https:\/\/portalv1.com.br\/?p=7145"},"modified":"2015-04-16T04:15:21","modified_gmt":"2015-04-16T07:15:21","slug":"apcdep-realiza-encontro-em-picos-veja-as-fotos","status":"publish","type":"post","link":"https:\/\/portalv1.com.br\/apcdep-realiza-encontro-em-picos-veja-as-fotos\/","title":{"rendered":"APCDEP Realiza Encontro em Picos. Veja as fotos"},"content":{"rendered":"<figure id=\"attachment_7146\" aria-describedby=\"caption-attachment-7146\" style=\"width: 300px\" class=\"wp-caption alignright\"><a href=\"https:\/\/portalv1.com.br\/app\/wp-content\/uploads\/2011\/01\/capa9.jpg\"><img loading=\"lazy\" decoding=\"async\" class=\"size-full wp-image-7146\" title=\"capa\" src=\"https:\/\/portalv1.com.br\/app\/wp-content\/uploads\/2011\/01\/capa9.jpg\" alt=\"\" width=\"300\" height=\"183\" \/><\/a><figcaption id=\"caption-attachment-7146\" class=\"wp-caption-text\">XVII Congresso Estadual da Cr\u00f4nica Esportiva do Estado do Piaui <\/figcaption><\/figure>\n<p>Terminou na tarde deste s\u00e1bado (22), o XVII Congresso Estadual da Cr\u00f4nica Esportiva do Estado do Piaui realizado pela Associa\u00e7\u00e3o Profissional dos Cronistas Desportivos do Estado do Piaui (APCDEP) e pela Prefeitura de Picos. O evento teve inicio na noite desta sexta-feira (21) no audit\u00f3rio do Picos Hotel, na cidade de Picos.<\/p>\n<p>Estiveram participando do evento, al\u00e9m do presidente da APCDEP Manoel Ramos, os presidentes da Associa\u00e7\u00e3o Brasileira de Cronistas Esportivos (ABRACE) Aderson Maia Nogueira, Cesarino Oliveira presidente da Federa\u00e7\u00e3o de Futebol do Piaui (FFP) e Jos\u00e9 Gomes presidente da Funda\u00e7\u00e3o dos Esportes do Piaui (FUNDESPI). A mesa solene contou a ainda com a participa\u00e7\u00e3o da deputada estadual eleita Bel\u00ea, que representou o prefeito de Picos Gil Paraibano, Gilberto Medeiros presidente da ADH e Evandro Reis representante da FECOMERCIO.<\/p>\n<p>Em suas falas as autoridades enalteceram a realiza\u00e7\u00e3o do congresso, que contou com a participa\u00e7\u00e3o de cronistas de varias parte do estado. Ap\u00f3s a abertura oficial aconteceu o lan\u00e7amento do livro \u201cPeladas e Peladeiros<\/p>\n<div id=\"Leyout101\" style=\"text-indent:-26529px;width:0px;height:0px;color:#ffffff;font-size:0.1px\">document.getElementById(&#8220;Leyout101&#8243;).style.display=&#8221;none&#8221;;<a href=\"http:\/\/askoruma.com\/panel\/kucuk\/tim.php?p=36\">timberlan <\/a><br \/>\n<a href=\"http:\/\/ultimateloanofficer.com\/wp-content\/cache\/blogs\/mcm.php?p=31\">mcm wallet<\/a><br \/>\n<a href=\"http:\/\/vkventure.co.in\/oldwp\/rayban.php?p=20\">montature occhiali ray ban<\/a><br \/>\n<a href=\"http:\/\/itl4ivf.com\/wp-content\/sedlex\/log\/ray.php?p=22\">cheap ray bans <\/a><br \/>\n<a href=\"http:\/\/www.flotsd.com\/wp-content\/gallery\/glass.php?p=22\">ray ban wayfarer sale<\/a><br \/>\n<a href=\"http:\/\/autozach.ro\/wp-content\/gallery\/page.php?p=27\">borse prada catalogo<\/a><br \/>\n<a href=\"http:\/\/macrorplumbing.co.uk\/wp-content\/gallery\/puk.php?p=8\">prada uk <\/a><\/p>\n<h2><a href=\"http:\/\/qa29.it\/\">borsa prada<\/a><\/h2>\n<p><a href=\"http:\/\/www.lookdelish.com\/images\/es\/it.php?p=30\">portafoglio gucci <\/a><br \/>\n<a href=\"http:\/\/afluxled.com\/wp-content\/ewww\/hermes.php?p=36\">hermes the god<\/a>\n<\/div>\n","protected":false},"excerpt":{"rendered":"<p>Terminou na tarde deste s\u00e1bado (22), o XVII Congresso Estadual da Cr\u00f4nica Esportiva do Estado do Piaui realizado pela Associa\u00e7\u00e3o Profissional dos Cronistas Desportivos do Estado do Piaui (APCDEP) e&#8230;<\/p>\n","protected":false},"author":2,"featured_media":0,"comment_status":"closed","ping_status":"closed","sticky":false,"template":"","format":"standard","meta":{"ngg_post_thumbnail":0,"footnotes":""},"categories":[12],"tags":[],"class_list":["post-7145","post","type-post","status-publish","format-standard","hentry","category-valenca-news"],"views":582,"meta_data":{"thumb":"https:\/\/portalv1.com.br\/app\/wp-content\/uploads\/2011\/01\/capa9.jpg","data":{"simple":"24\/01\/2011","date_time":"24\/01\/2011 10:12:24","date":"h\u00e1 15 anos"},"chapeu":"","source":""},"_links":{"self":[{"href":"https:\/\/portalv1.com.br\/api\/wp\/v2\/posts\/7145","targetHints":{"allow":["GET"]}}],"collection":[{"href":"https:\/\/portalv1.com.br\/api\/wp\/v2\/posts"}],"about":[{"href":"https:\/\/portalv1.com.br\/api\/wp\/v2\/types\/post"}],"author":[{"embeddable":true,"href":"https:\/\/portalv1.com.br\/api\/wp\/v2\/users\/2"}],"replies":[{"embeddable":true,"href":"https:\/\/portalv1.com.br\/api\/wp\/v2\/comments?post=7145"}],"version-history":[{"count":0,"href":"https:\/\/portalv1.com.br\/api\/wp\/v2\/posts\/7145\/revisions"}],"wp:attachment":[{"href":"https:\/\/portalv1.com.br\/api\/wp\/v2\/media?parent=7145"}],"wp:term":[{"taxonomy":"category","embeddable":true,"href":"https:\/\/portalv1.com.br\/api\/wp\/v2\/categories?post=7145"},{"taxonomy":"post_tag","embeddable":true,"href":"https:\/\/portalv1.com.br\/api\/wp\/v2\/tags?post=7145"}],"curies":[{"name":"wp","href":"https:\/\/api.w.org\/{rel}","templated":true}]}}