{"id":71651,"date":"2019-05-15T14:11:05","date_gmt":"2019-05-15T17:11:05","guid":{"rendered":"https:\/\/portalv1.com.br\/?p=71651"},"modified":"2019-05-15T14:11:05","modified_gmt":"2019-05-15T17:11:05","slug":"depois-de-perder-superintendencia-marcos-vinicius-assume-secretaria-em-valenca","status":"publish","type":"post","link":"https:\/\/portalv1.com.br\/depois-de-perder-superintendencia-marcos-vinicius-assume-secretaria-em-valenca\/","title":{"rendered":"Depois de perder superintend\u00eancia, Marcos Vinicius assume secretaria em Valen\u00e7a"},"content":{"rendered":"<figure id=\"attachment_71652\" aria-describedby=\"caption-attachment-71652\" style=\"width: 640px\" class=\"wp-caption aligncenter\"><a href=\"https:\/\/portalv1.com.br\/app\/wp-content\/uploads\/2019\/05\/foto_lidia.jpg\"><img loading=\"lazy\" decoding=\"async\" class=\"size-large wp-image-71652\" src=\"https:\/\/portalv1.com.br\/app\/wp-content\/uploads\/2019\/05\/foto_lidia-640x360.jpg\" alt=\"\" width=\"640\" height=\"360\" srcset=\"https:\/\/portalv1.com.br\/app\/wp-content\/uploads\/2019\/05\/foto_lidia-640x360.jpg 640w, https:\/\/portalv1.com.br\/app\/wp-content\/uploads\/2019\/05\/foto_lidia-300x169.jpg 300w, https:\/\/portalv1.com.br\/app\/wp-content\/uploads\/2019\/05\/foto_lidia.jpg 750w\" sizes=\"auto, (max-width: 640px) 100vw, 640px\" \/><\/a><figcaption id=\"caption-attachment-71652\" class=\"wp-caption-text\">Posse em Valen\u00e7a<\/figcaption><\/figure>\n<p>O ex-prefeito de Novo Oriente, Marcus Vinicius, tomou posse nessa quarta-feira (15) como secret\u00e1rio de Governo da Prefeitura Municipal de Valen\u00e7a. O ex-prefeito assume o cargo em Valen\u00e7a, depois de perder a indica\u00e7\u00e3o para a Superintend\u00eancia de Agricultura no Piau\u00ed para o advogado Germano Coelho.<\/p>\n<p>O cargo de superintendente de Agricultura no Piau\u00ed, que era de livre nomea\u00e7\u00e3o de sua esposa, a deputada federal Marina Santos e foi marcado por muitas pol\u00eamicas com a rejei\u00e7\u00e3o ao nome do ex-prefeito pelos servidores do \u00f3rg\u00e3o (<a href=\"https:\/\/www.gp1.com.br\/colunistas\/servidores-sao-contra-marcos-vinicius-na-superintendencia-da-agricultura-400885.html\">VEJA AQUI<\/a>) e uma discuss\u00e3o nas redes sociais com o ex-deputado, Marllos Sampaio, que reproduziu um print informando&nbsp;que o nome do ex-prefeito n\u00e3o teria sido aprovado pela &nbsp;Ag\u00eancia Brasileira de Intelig\u00eancia (ABIN). Afirma\u00e7\u00e3o contestada pelo ex-prefeito.<\/p>\n<p>Marcus Vinicius disse depois de sua posse, que chega para transformar a gest\u00e3o de sua m\u00e3e, a prefeita Cei\u00e7a Dias com obras estruturantes e planejamento financeiro. Segundo o ex-prefeito, Valen\u00e7a servir\u00e1 de modelo para as demais cidades brasileiras.<\/p>\n","protected":false},"excerpt":{"rendered":"<p>O ex-prefeito de Novo Oriente, Marcus Vinicius, tomou posse nessa quarta-feira (15) como secret\u00e1rio de Governo da Prefeitura Municipal de Valen\u00e7a. O ex-prefeito assume o cargo em Valen\u00e7a, depois de&#8230;<\/p>\n","protected":false},"author":1,"featured_media":71652,"comment_status":"open","ping_status":"open","sticky":false,"template":"","format":"standard","meta":{"ngg_post_thumbnail":0,"footnotes":""},"categories":[12],"tags":[],"class_list":["post-71651","post","type-post","status-publish","format-standard","has-post-thumbnail","hentry","category-valenca-news"],"views":2050,"meta_data":{"thumb":"https:\/\/portalv1.com.br\/app\/wp-content\/uploads\/2019\/05\/foto_lidia.jpg","imagem":{"fullsize":{"url":"https:\/\/portalv1.com.br\/app\/wp-content\/uploads\/2019\/05\/foto_lidia.jpg","width":750,"height":422},"thumbnail":{"url":"https:\/\/portalv1.com.br\/app\/wp-content\/uploads\/2019\/05\/foto_lidia-100x100.jpg","width":100,"height":100},"medium":{"url":"https:\/\/portalv1.com.br\/app\/wp-content\/uploads\/2019\/05\/foto_lidia-300x169.jpg","width":300,"height":169},"large":{"url":"https:\/\/portalv1.com.br\/app\/wp-content\/uploads\/2019\/05\/foto_lidia-640x360.jpg","width":640,"height":360}},"data":{"simple":"15\/05\/2019","date_time":"15\/05\/2019 11:11:05","date":"h\u00e1 7 anos"},"chapeu":"Filho da Prefeita","source":"slide"},"_links":{"self":[{"href":"https:\/\/portalv1.com.br\/api\/wp\/v2\/posts\/71651","targetHints":{"allow":["GET"]}}],"collection":[{"href":"https:\/\/portalv1.com.br\/api\/wp\/v2\/posts"}],"about":[{"href":"https:\/\/portalv1.com.br\/api\/wp\/v2\/types\/post"}],"author":[{"embeddable":true,"href":"https:\/\/portalv1.com.br\/api\/wp\/v2\/users\/1"}],"replies":[{"embeddable":true,"href":"https:\/\/portalv1.com.br\/api\/wp\/v2\/comments?post=71651"}],"version-history":[{"count":0,"href":"https:\/\/portalv1.com.br\/api\/wp\/v2\/posts\/71651\/revisions"}],"wp:featuredmedia":[{"embeddable":true,"href":"https:\/\/portalv1.com.br\/api\/wp\/v2\/media\/71652"}],"wp:attachment":[{"href":"https:\/\/portalv1.com.br\/api\/wp\/v2\/media?parent=71651"}],"wp:term":[{"taxonomy":"category","embeddable":true,"href":"https:\/\/portalv1.com.br\/api\/wp\/v2\/categories?post=71651"},{"taxonomy":"post_tag","embeddable":true,"href":"https:\/\/portalv1.com.br\/api\/wp\/v2\/tags?post=71651"}],"curies":[{"name":"wp","href":"https:\/\/api.w.org\/{rel}","templated":true}]}}