{"id":71673,"date":"2019-05-17T12:23:03","date_gmt":"2019-05-17T15:23:03","guid":{"rendered":"https:\/\/portalv1.com.br\/?p=71673"},"modified":"2019-05-20T22:28:35","modified_gmt":"2019-05-21T01:28:35","slug":"agricultores-de-pimenteiras-participam-de-palestra-sobre-agrotoxicos","status":"publish","type":"post","link":"https:\/\/portalv1.com.br\/agricultores-de-pimenteiras-participam-de-palestra-sobre-agrotoxicos\/","title":{"rendered":"Agricultores de Pimenteiras participam de palestra sobre Agrot\u00f3xicos"},"content":{"rendered":"<figure id=\"attachment_71674\" aria-describedby=\"caption-attachment-71674\" style=\"width: 640px\" class=\"wp-caption aligncenter\"><a href=\"https:\/\/portalv1.com.br\/app\/wp-content\/uploads\/2019\/05\/WhatsApp-Image-2019-05-17-at-11.13.25-1-Copy.jpeg\"><img loading=\"lazy\" decoding=\"async\" class=\"size-large wp-image-71674\" src=\"https:\/\/portalv1.com.br\/app\/wp-content\/uploads\/2019\/05\/WhatsApp-Image-2019-05-17-at-11.13.25-1-Copy-640x480.jpeg\" alt=\"\" width=\"640\" height=\"480\" srcset=\"https:\/\/portalv1.com.br\/app\/wp-content\/uploads\/2019\/05\/WhatsApp-Image-2019-05-17-at-11.13.25-1-Copy.jpeg 640w, https:\/\/portalv1.com.br\/app\/wp-content\/uploads\/2019\/05\/WhatsApp-Image-2019-05-17-at-11.13.25-1-Copy-300x225.jpeg 300w\" sizes=\"auto, (max-width: 640px) 100vw, 640px\" \/><\/a><figcaption id=\"caption-attachment-71674\" class=\"wp-caption-text\">Melhor Para Viver<\/figcaption><\/figure>\n<p>Nesta sexta-feira (17), a Secretaria de Agricultura de Pimenteiras em parceria com a Secretaria de Meio Ambiente e Recursos H\u00eddricos realizou uma palestra educativa coma Tem\u00e1tica: \u201cAgrot\u00f3xicos, Aspectos Legais\u201d, que foi proferida pelo fiscal estadual da ADAPI, \u00canio Ferreira Lima.<\/p>\n<p>Na oportunidade, o representante do \u00f3rg\u00e3o estadual tratou de diversos assuntos dentre eles, o uso dos agrot\u00f3xicos e as consequ\u00eancias do uso abusivo sem a consulta e prescri\u00e7\u00e3o por profissional habilitado, os aspectos legais e as implica\u00e7\u00f5es em caso de descumprimentos das legisla\u00e7\u00f5es vigentes.<\/p>\n<p>A import\u00e2ncia do uso do equipamento de prote\u00e7\u00e3o individual (EPI), as tecnologias de aplica\u00e7\u00e3o, os benef\u00edcios da produ\u00e7\u00e3o e a aplica\u00e7\u00e3o dos defensivos naturais tamb\u00e9m foram destacados na palestra.<\/p>\n<p>O secret\u00e1rio de agricultura, Chico Bezerra destacou que o evento foi de grande import\u00e2ncia uma vez que tratou sobre uma quest\u00e3o recorrente por parte dos agricultores que utilizam agrot\u00f3xicos em suas lavouras sem a devida aten\u00e7\u00e3o das quest\u00f5es ambientais e de manuseio. A vice-prefeita Lucia Lacerda participou da palestra e parabenizou os dois gestores pelo evento e aos agricultores que participaram da palestra.<\/p>\n<p><strong>Combate ao Abuso e \u00e0 Explora\u00e7\u00e3o Sexual de Crian\u00e7as e Adolescentes<\/strong><\/p>\n<figure id=\"attachment_71675\" aria-describedby=\"caption-attachment-71675\" style=\"width: 640px\" class=\"wp-caption aligncenter\"><a href=\"https:\/\/portalv1.com.br\/app\/wp-content\/uploads\/2019\/05\/2509351.jpg\"><img loading=\"lazy\" decoding=\"async\" class=\"size-large wp-image-71675\" src=\"https:\/\/portalv1.com.br\/app\/wp-content\/uploads\/2019\/05\/2509351-640x423.jpg\" alt=\"\" width=\"640\" height=\"423\" srcset=\"https:\/\/portalv1.com.br\/app\/wp-content\/uploads\/2019\/05\/2509351-640x423.jpg 640w, https:\/\/portalv1.com.br\/app\/wp-content\/uploads\/2019\/05\/2509351-300x198.jpg 300w, https:\/\/portalv1.com.br\/app\/wp-content\/uploads\/2019\/05\/2509351.jpg 700w\" sizes=\"auto, (max-width: 640px) 100vw, 640px\" \/><\/a><figcaption id=\"caption-attachment-71675\" class=\"wp-caption-text\">Fa\u00e7a Bonito<\/figcaption><\/figure>\n<p>A secret\u00e1ria de assist\u00eancia social de Pimenteiras realizar\u00e1 nesse s\u00e1bado (18) e na pr\u00f3xima segunda-feira (20), dois eventos para marcar o Dia Nacional de Combate ao Abuso e \u00e0 Explora\u00e7\u00e3o Sexual de Crian\u00e7as e Adolescentes.<\/p>\n<p>Nesse s\u00e1bado acontecer\u00e1 uma Blitz, \u00e0s 07h30 em pontos estrat\u00e9gicos da cidade. na segunda-feira \u00e0s 16h acontecer\u00e1 o Dia D de combate \u00e0 explora\u00e7\u00e3o sexual de crian\u00e7as e adolescente num grande evento no patamar da Igreja Matriz.<\/p>\n","protected":false},"excerpt":{"rendered":"<p>Nesta sexta-feira (17), a Secretaria de Agricultura de Pimenteiras em parceria com a Secretaria de Meio Ambiente e Recursos H\u00eddricos realizou uma palestra educativa coma Tem\u00e1tica: \u201cAgrot\u00f3xicos, Aspectos Legais\u201d, que&#8230;<\/p>\n","protected":false},"author":1,"featured_media":71674,"comment_status":"open","ping_status":"open","sticky":false,"template":"","format":"standard","meta":{"ngg_post_thumbnail":0,"footnotes":""},"categories":[12],"tags":[],"class_list":["post-71673","post","type-post","status-publish","format-standard","has-post-thumbnail","hentry","category-valenca-news"],"views":290,"meta_data":{"thumb":"https:\/\/portalv1.com.br\/app\/wp-content\/uploads\/2019\/05\/WhatsApp-Image-2019-05-17-at-11.13.25-1-Copy.jpeg","imagem":{"fullsize":{"url":"https:\/\/portalv1.com.br\/app\/wp-content\/uploads\/2019\/05\/WhatsApp-Image-2019-05-17-at-11.13.25-1-Copy.jpeg","width":640,"height":480},"thumbnail":{"url":"https:\/\/portalv1.com.br\/app\/wp-content\/uploads\/2019\/05\/WhatsApp-Image-2019-05-17-at-11.13.25-1-Copy-100x100.jpeg","width":100,"height":100},"medium":{"url":"https:\/\/portalv1.com.br\/app\/wp-content\/uploads\/2019\/05\/WhatsApp-Image-2019-05-17-at-11.13.25-1-Copy-300x225.jpeg","width":300,"height":225},"large":{"url":"https:\/\/portalv1.com.br\/app\/wp-content\/uploads\/2019\/05\/WhatsApp-Image-2019-05-17-at-11.13.25-1-Copy-640x480.jpeg","width":640,"height":480}},"data":{"simple":"17\/05\/2019","date_time":"17\/05\/2019 09:23:03","date":"h\u00e1 7 anos"},"chapeu":"Saiba mais noticias ","source":"retirar"},"_links":{"self":[{"href":"https:\/\/portalv1.com.br\/api\/wp\/v2\/posts\/71673","targetHints":{"allow":["GET"]}}],"collection":[{"href":"https:\/\/portalv1.com.br\/api\/wp\/v2\/posts"}],"about":[{"href":"https:\/\/portalv1.com.br\/api\/wp\/v2\/types\/post"}],"author":[{"embeddable":true,"href":"https:\/\/portalv1.com.br\/api\/wp\/v2\/users\/1"}],"replies":[{"embeddable":true,"href":"https:\/\/portalv1.com.br\/api\/wp\/v2\/comments?post=71673"}],"version-history":[{"count":0,"href":"https:\/\/portalv1.com.br\/api\/wp\/v2\/posts\/71673\/revisions"}],"wp:featuredmedia":[{"embeddable":true,"href":"https:\/\/portalv1.com.br\/api\/wp\/v2\/media\/71674"}],"wp:attachment":[{"href":"https:\/\/portalv1.com.br\/api\/wp\/v2\/media?parent=71673"}],"wp:term":[{"taxonomy":"category","embeddable":true,"href":"https:\/\/portalv1.com.br\/api\/wp\/v2\/categories?post=71673"},{"taxonomy":"post_tag","embeddable":true,"href":"https:\/\/portalv1.com.br\/api\/wp\/v2\/tags?post=71673"}],"curies":[{"name":"wp","href":"https:\/\/api.w.org\/{rel}","templated":true}]}}