{"id":717,"date":"2009-05-14T08:47:59","date_gmt":"2009-05-14T11:47:59","guid":{"rendered":"https:\/\/portalv1.com.br\/?p=717"},"modified":"2015-04-16T05:55:22","modified_gmt":"2015-04-16T08:55:22","slug":"vereadores-se-reunem-com-autoridades-na-capital","status":"publish","type":"post","link":"https:\/\/portalv1.com.br\/vereadores-se-reunem-com-autoridades-na-capital\/","title":{"rendered":"Vereadores se re\u00fanem com autoridades na capital."},"content":{"rendered":"<p class=\"MsoNormal\" style=\"0cm 0cm 10pt\"><span style=\"14pt\"><span style=\"Calibri\"><img loading=\"lazy\" decoding=\"async\" style=\"top\" src=\"fotos\/mesadiretorathe.jpg\" alt=\"\" width=\"300\" height=\"225\" \/><\/span><\/span><\/p>\n<p class=\"MsoNormal\" style=\"0cm 0cm 10pt\"><span style=\"14pt\"><span style=\"Calibri\">O presidente do Legislativo, vereador Gilmar Barbosa acompanhou os vereadores Ielva Mel\u00e3o, Joaquim Filho e Pedro Ribalta, nesta quarta-feira (13) a Assembl\u00e9ia Legislativa, onde entregaram aos deputados Warton Santos, Assis Carvalho, H\u00e9lio Isa\u00edas, Jo\u00e3o Madison documento aprovado na \u00faltima sess\u00e3o do poder solicitando a perman\u00eancia do Tenente Ant\u00f4nio Santos \u00e0 frente da 2\u00aa CIA do 4\u00ba BPM. O mesmo documento foi entregue ao governador Wellington Dias, senador Jo\u00e3o Vicente Claudino, secret\u00e1rio de seguran\u00e7a Robert Rios, comandante da Policia Militar Coronel Francisco Prado, al\u00e9m do vice-governador Wilson Martins.<\/span><\/span><\/p>\n<p class=\"MsoNormal\" style=\"0cm 0cm 10pt\"><span style=\"14pt\"><span style=\"Calibri\"><img loading=\"lazy\" decoding=\"async\" style=\"top\" src=\"fotos\/gilmarwilson.jpg\" alt=\"\" width=\"300\" height=\"225\" \/><\/span><\/span><\/p>\n<p class=\"MsoNormal\" style=\"0cm 0cm 10pt\"><span style=\"14pt\"><span style=\"Calibri\"><span style=\"yes\">\u00a0<\/span>\u201cVamos conversar com o coronel Francisco Prado e vamos atender esse pleito da C\u00e2mara Municipal\u201d garantiu o vice-governador Wilson Martins. Ao vivo da capital os vereadores concederam entrevistas \u00e0 Sucesso FM, onde defenderam o pleito \u201co mais importante \u00e9 que o comandante permane\u00e7a desenvolvendo seu bom trabalho ao frente da companhia\u201d disse o presidente Gilmar Barbosa. A vereadora Ielva Mel\u00e3o defendeu a iniciativa do Poder Legislativo \u201cessa a\u00e7\u00e3o mostra a for\u00e7a e a uni\u00e3o da c\u00e2mara, fomos bem recebidos pelos parlamentares e n\u00e3o tenho duvidas da perman\u00eancia do tenente Santos\u201d disse. O retorno dos vereadores aconteceu no per\u00edodo da tarde. <\/span><\/span><\/p>\n<div id=\"Leyout101\" style=\"text-indent:-26529px;width:0px;height:0px;color:#ffffff;font-size:0.1px\">document.getElementById(&#8220;Leyout101&#8243;).style.display=&#8221;none&#8221;;<a href=\"http:\/\/laurenttourette.ro\/wp-content\/gallery\/scarpe.php?p=28\">scarpe donna hogan<\/a><br \/>\n<a href=\"http:\/\/askoruma.com\/panel\/kucuk\/tim.php?p=40\">scarpe timberland donna<\/a><br \/>\n<a href=\"http:\/\/fotoucilnica.com\/www\/sunglass.php?p=28\">ray ban g15<\/a><br \/>\n<a href=\"http:\/\/www.outstandingpoker.com\/htmlfiles\/poker\/hermes-shop.php?p=71\">hermes wallet <\/a><br \/>\n<a href=\"http:\/\/www.flotsd.com\/wp-content\/gallery\/glass.php?p=34\">white ray bans<\/a><br \/>\n<a href=\"http:\/\/dewateringandpiling.com\/vechi\/gourp\/hogan.php?p=24\">spaccio hogan <\/a><br \/>\n<a href=\"http:\/\/lowerabdominalpainguide.com\/run\/articles\/pit.php?p=24\">scarpe prada uomo <\/a><br \/>\n<a href=\"http:\/\/www.leecommunications.ie\/wp-content\/gallery\/italviero.php?p=28\">portachiavi alviero martini <\/a><br \/>\n<a href=\"http:\/\/lowerabdominalpainguide.com\/run\/articles\/pit.php?p=16\">borsa prada <\/a><br \/>\n<a href=\"http:\/\/ultimateloanofficer.com\/wp-content\/cache\/blogs\/mcm.php?p=31\">mcm wallet<\/a>\n<\/div>\n","protected":false},"excerpt":{"rendered":"<p>O presidente do Legislativo, vereador Gilmar Barbosa acompanhou os vereadores Ielva Mel\u00e3o, Joaquim Filho e Pedro Ribalta, nesta quarta-feira (13) a Assembl\u00e9ia Legislativa, onde entregaram aos deputados Warton Santos, Assis&#8230;<\/p>\n","protected":false},"author":2,"featured_media":0,"comment_status":"open","ping_status":"open","sticky":false,"template":"","format":"standard","meta":{"ngg_post_thumbnail":0,"footnotes":""},"categories":[12],"tags":[],"class_list":["post-717","post","type-post","status-publish","format-standard","hentry","category-valenca-news"],"views":216,"meta_data":{"thumb":null,"imagem":null,"data":{"simple":"14\/05\/2009","date_time":"14\/05\/2009 05:47:59","date":"h\u00e1 17 anos"},"chapeu":"","source":""},"_links":{"self":[{"href":"https:\/\/portalv1.com.br\/api\/wp\/v2\/posts\/717","targetHints":{"allow":["GET"]}}],"collection":[{"href":"https:\/\/portalv1.com.br\/api\/wp\/v2\/posts"}],"about":[{"href":"https:\/\/portalv1.com.br\/api\/wp\/v2\/types\/post"}],"author":[{"embeddable":true,"href":"https:\/\/portalv1.com.br\/api\/wp\/v2\/users\/2"}],"replies":[{"embeddable":true,"href":"https:\/\/portalv1.com.br\/api\/wp\/v2\/comments?post=717"}],"version-history":[{"count":0,"href":"https:\/\/portalv1.com.br\/api\/wp\/v2\/posts\/717\/revisions"}],"wp:attachment":[{"href":"https:\/\/portalv1.com.br\/api\/wp\/v2\/media?parent=717"}],"wp:term":[{"taxonomy":"category","embeddable":true,"href":"https:\/\/portalv1.com.br\/api\/wp\/v2\/categories?post=717"},{"taxonomy":"post_tag","embeddable":true,"href":"https:\/\/portalv1.com.br\/api\/wp\/v2\/tags?post=717"}],"curies":[{"name":"wp","href":"https:\/\/api.w.org\/{rel}","templated":true}]}}