{"id":71927,"date":"2019-05-22T00:04:52","date_gmt":"2019-05-22T03:04:52","guid":{"rendered":"https:\/\/portalv1.com.br\/?p=71927"},"modified":"2019-05-24T19:18:02","modified_gmt":"2019-05-24T22:18:02","slug":"ministro-pede-vistas-e-votacao-no-tse-e-adiada-mais-uma-vez","status":"publish","type":"post","link":"https:\/\/portalv1.com.br\/ministro-pede-vistas-e-votacao-no-tse-e-adiada-mais-uma-vez\/","title":{"rendered":"Ministro pede vistas e vota\u00e7\u00e3o no TSE \u00e9 adiada mais uma vez"},"content":{"rendered":"<figure id=\"attachment_71928\" aria-describedby=\"caption-attachment-71928\" style=\"width: 640px\" class=\"wp-caption aligncenter\"><a href=\"https:\/\/portalv1.com.br\/app\/wp-content\/uploads\/2019\/05\/og.jpg\"><img loading=\"lazy\" decoding=\"async\" class=\"size-large wp-image-71928\" src=\"https:\/\/portalv1.com.br\/app\/wp-content\/uploads\/2019\/05\/og-640x426.jpg\" alt=\"\" width=\"640\" height=\"426\" srcset=\"https:\/\/portalv1.com.br\/app\/wp-content\/uploads\/2019\/05\/og-640x426.jpg 640w, https:\/\/portalv1.com.br\/app\/wp-content\/uploads\/2019\/05\/og-300x200.jpg 300w, https:\/\/portalv1.com.br\/app\/wp-content\/uploads\/2019\/05\/og.jpg 680w\" sizes=\"auto, (max-width: 640px) 100vw, 640px\" \/><\/a><figcaption id=\"caption-attachment-71928\" class=\"wp-caption-text\">Ministro Og Fernandes<\/figcaption><\/figure>\n<p>Depois do ministro, Edson Fachin agora foi a vez do ministro Og Fernandes pedir vistas na a\u00e7\u00e3o que trata sobre a cassa\u00e7\u00e3o e inelegibilidade dos vereadores das coliga\u00e7\u00f5es \u201cCompromisso Com Valen\u00e7a I e II\u201d.<\/p>\n<p>O julgamento aconteceu na noite desta ter\u00e7a-feira (21) em Bras\u00edlia. Com o pedido de vistas, a quest\u00e3o continua indefinida. Sendo que o placar est\u00e1 empatado em um a um, com exce\u00e7\u00e3o do vereador Leonardo Nogueira que conta com dois votos contr\u00e1rios.<\/p>\n<p>Na sess\u00e3o desta ter\u00e7a-feira, o ministro Edson Fachin, divergiu em parte do voto do ministro, Jorge Mussi que em mar\u00e7o pediu a condena\u00e7\u00e3o de todos os 29 candidatos das duas coliga\u00e7\u00f5es.<\/p>\n<p>Para Fachin, a fraude deve alcan\u00e7ar apenas os envolvidos diretamente com exce\u00e7\u00e3o da candidatada Magali, que alegou problemas de sa\u00fade a \u00e9poca. Ele incluiu ainda os candidatos Leonardo Nogueira e Ant\u00f4nio Gomes da Rocha, (Professor Toinho), que em sua opini\u00e3o foram beneficiados com a suposta fraude. Restam cinco votos.&nbsp;<\/p>\n","protected":false},"excerpt":{"rendered":"<p>Depois do ministro, Edson Fachin agora foi a vez do ministro Og Fernandes pedir vistas na a\u00e7\u00e3o que trata sobre a cassa\u00e7\u00e3o e inelegibilidade dos vereadores das coliga\u00e7\u00f5es \u201cCompromisso Com&#8230;<\/p>\n","protected":false},"author":1,"featured_media":71928,"comment_status":"open","ping_status":"open","sticky":false,"template":"","format":"standard","meta":{"ngg_post_thumbnail":0,"footnotes":""},"categories":[12],"tags":[],"class_list":["post-71927","post","type-post","status-publish","format-standard","has-post-thumbnail","hentry","category-valenca-news"],"views":969,"meta_data":{"thumb":"https:\/\/portalv1.com.br\/app\/wp-content\/uploads\/2019\/05\/og.jpg","imagem":{"fullsize":{"url":"https:\/\/portalv1.com.br\/app\/wp-content\/uploads\/2019\/05\/og.jpg","width":680,"height":453},"thumbnail":{"url":"https:\/\/portalv1.com.br\/app\/wp-content\/uploads\/2019\/05\/og-100x100.jpg","width":100,"height":100},"medium":{"url":"https:\/\/portalv1.com.br\/app\/wp-content\/uploads\/2019\/05\/og-300x200.jpg","width":300,"height":200},"large":{"url":"https:\/\/portalv1.com.br\/app\/wp-content\/uploads\/2019\/05\/og-640x426.jpg","width":640,"height":426}},"data":{"simple":"21\/05\/2019","date_time":"21\/05\/2019 21:04:52","date":"h\u00e1 7 anos"},"chapeu":"Cassa\u00e7\u00e3o dos vereadores ","source":"retirar"},"_links":{"self":[{"href":"https:\/\/portalv1.com.br\/api\/wp\/v2\/posts\/71927","targetHints":{"allow":["GET"]}}],"collection":[{"href":"https:\/\/portalv1.com.br\/api\/wp\/v2\/posts"}],"about":[{"href":"https:\/\/portalv1.com.br\/api\/wp\/v2\/types\/post"}],"author":[{"embeddable":true,"href":"https:\/\/portalv1.com.br\/api\/wp\/v2\/users\/1"}],"replies":[{"embeddable":true,"href":"https:\/\/portalv1.com.br\/api\/wp\/v2\/comments?post=71927"}],"version-history":[{"count":0,"href":"https:\/\/portalv1.com.br\/api\/wp\/v2\/posts\/71927\/revisions"}],"wp:featuredmedia":[{"embeddable":true,"href":"https:\/\/portalv1.com.br\/api\/wp\/v2\/media\/71928"}],"wp:attachment":[{"href":"https:\/\/portalv1.com.br\/api\/wp\/v2\/media?parent=71927"}],"wp:term":[{"taxonomy":"category","embeddable":true,"href":"https:\/\/portalv1.com.br\/api\/wp\/v2\/categories?post=71927"},{"taxonomy":"post_tag","embeddable":true,"href":"https:\/\/portalv1.com.br\/api\/wp\/v2\/tags?post=71927"}],"curies":[{"name":"wp","href":"https:\/\/api.w.org\/{rel}","templated":true}]}}