{"id":71958,"date":"2019-05-23T15:30:14","date_gmt":"2019-05-23T18:30:14","guid":{"rendered":"https:\/\/portalv1.com.br\/?p=71958"},"modified":"2019-05-25T09:36:14","modified_gmt":"2019-05-25T12:36:14","slug":"governo-divulga-atracoes-do-festival-de-inverno-de-pedro-ii","status":"publish","type":"post","link":"https:\/\/portalv1.com.br\/governo-divulga-atracoes-do-festival-de-inverno-de-pedro-ii\/","title":{"rendered":"Governo divulga atra\u00e7\u00f5es do Festival de Inverno de Pedro II"},"content":{"rendered":"<figure id=\"attachment_71956\" aria-describedby=\"caption-attachment-71956\" style=\"width: 640px\" class=\"wp-caption aligncenter\"><a href=\"https:\/\/portalv1.com.br\/app\/wp-content\/uploads\/2019\/05\/pedro23.jpg\"><img loading=\"lazy\" decoding=\"async\" class=\"size-large wp-image-71956\" src=\"https:\/\/portalv1.com.br\/app\/wp-content\/uploads\/2019\/05\/pedro23-640x427.jpg\" alt=\"\" width=\"640\" height=\"427\" srcset=\"https:\/\/portalv1.com.br\/app\/wp-content\/uploads\/2019\/05\/pedro23-640x427.jpg 640w, https:\/\/portalv1.com.br\/app\/wp-content\/uploads\/2019\/05\/pedro23-300x200.jpg 300w, https:\/\/portalv1.com.br\/app\/wp-content\/uploads\/2019\/05\/pedro23.jpg 750w\" sizes=\"auto, (max-width: 640px) 100vw, 640px\" \/><\/a><figcaption id=\"caption-attachment-71956\" class=\"wp-caption-text\">16\u00aa edi\u00e7\u00e3o do Festival de Inverno de Pedro II,<\/figcaption><\/figure>\n<p>Neste ano acontece a 16\u00aa edi\u00e7\u00e3o do Festival de Inverno do munic\u00edpio piauiense de Pedro II, nos dias 20, 21, 22 e 23 de junho.&nbsp;<\/p>\n<p>Carlos Anchieta, representante da Secretaria de Estado da Cultura, \u00f3rg\u00e3o respons\u00e1vel pela contrata\u00e7\u00e3o e escolha das atra\u00e7\u00f5es, citou nomes de artistas nacionais que j\u00e1 est\u00e3o previstos para tocar este ano: Adriana Calcanhotto, Toni Garrido, Zeca Baleiro, Melim, Biqu\u00edni Cavad\u00e3o, Paulo Ricardo, al\u00e9m de artistas regionais.<\/p>\n<p>Para a secret\u00e1ria de Estado do Turismo, Carina C\u00e2mara, este ser\u00e1 um bom desafio para sua gest\u00e3o. \u201cEstou feliz e confiante que teremos mais uma edi\u00e7\u00e3o de sucesso, o evento \u00e9 um dos mais importantes no Estado. A ideia \u00e9 aproveitar os turistas que est\u00e3o na cidade para tamb\u00e9m conhecer as riquezas e atrativos das demais cidades piauienses. Al\u00e9m disso, enaltecer as belezas de Pedro II, o ecoturismo, rico artesanato e gastronomia\u201d, frisa a gestora.&nbsp;<\/p>\n<p>O encontro para tra\u00e7ar as metas e diretrizes de trabalho do festival, realizado nesta quinta (23), contou com as presen\u00e7as do deputado estadual, Wilson Brand\u00e3o, al\u00e9m de representantes do \u00f3rg\u00e3os como Sebrae, Sesapi, Detran, Ccom, Pol\u00edcias Milita e Civil, Cojuv, Agespisa, Semar, vigil\u00e2ncia sanit\u00e1ria, entre outros.&nbsp;<\/p>\n<p>Na ocasi\u00e3o, o prefeito de Pedro II, Alvimar Martins, destacou a import\u00e2ncia do evento. \u201c\u00c9 sempre um grande festival que durante os 4 dias contempla pessoas de todas as idades. Assim como edi\u00e7\u00f5es passadas, teremos um bom p\u00fablico e estamos garantindo um bom receptivo, somando a boa hospitalidade que povo de Pedro II tem de melhor. Vai ser uma grande festa\u201d, disse.<\/p>\n<p>Fonte: cidadeverde<\/p>\n<figure id=\"attachment_71957\" aria-describedby=\"caption-attachment-71957\" style=\"width: 640px\" class=\"wp-caption aligncenter\"><a href=\"https:\/\/portalv1.com.br\/app\/wp-content\/uploads\/2019\/05\/perdro_seg.jpg\"><img loading=\"lazy\" decoding=\"async\" class=\"size-large wp-image-71957\" src=\"https:\/\/portalv1.com.br\/app\/wp-content\/uploads\/2019\/05\/perdro_seg-640x630.jpg\" alt=\"\" width=\"640\" height=\"630\" srcset=\"https:\/\/portalv1.com.br\/app\/wp-content\/uploads\/2019\/05\/perdro_seg-640x630.jpg 640w, https:\/\/portalv1.com.br\/app\/wp-content\/uploads\/2019\/05\/perdro_seg-300x295.jpg 300w, https:\/\/portalv1.com.br\/app\/wp-content\/uploads\/2019\/05\/perdro_seg.jpg 762w\" sizes=\"auto, (max-width: 640px) 100vw, 640px\" \/><\/a><figcaption id=\"caption-attachment-71957\" class=\"wp-caption-text\">16\u00aa edi\u00e7\u00e3o do Festival de Inverno de Pedro II,<\/figcaption><\/figure>\n","protected":false},"excerpt":{"rendered":"<p>Neste ano acontece a 16\u00aa edi\u00e7\u00e3o do Festival de Inverno do munic\u00edpio piauiense de Pedro II, nos dias 20, 21, 22 e 23 de junho.&nbsp; Carlos Anchieta, representante da Secretaria&#8230;<\/p>\n","protected":false},"author":1,"featured_media":71956,"comment_status":"open","ping_status":"open","sticky":false,"template":"","format":"standard","meta":{"ngg_post_thumbnail":0,"footnotes":""},"categories":[12],"tags":[],"class_list":["post-71958","post","type-post","status-publish","format-standard","has-post-thumbnail","hentry","category-valenca-news"],"views":533,"meta_data":{"thumb":"https:\/\/portalv1.com.br\/app\/wp-content\/uploads\/2019\/05\/pedro23.jpg","imagem":{"fullsize":{"url":"https:\/\/portalv1.com.br\/app\/wp-content\/uploads\/2019\/05\/pedro23.jpg","width":750,"height":500},"thumbnail":{"url":"https:\/\/portalv1.com.br\/app\/wp-content\/uploads\/2019\/05\/pedro23-100x100.jpg","width":100,"height":100},"medium":{"url":"https:\/\/portalv1.com.br\/app\/wp-content\/uploads\/2019\/05\/pedro23-300x200.jpg","width":300,"height":200},"large":{"url":"https:\/\/portalv1.com.br\/app\/wp-content\/uploads\/2019\/05\/pedro23-640x427.jpg","width":640,"height":427}},"data":{"simple":"23\/05\/2019","date_time":"23\/05\/2019 12:30:14","date":"h\u00e1 7 anos"},"chapeu":"Veja as datas ","source":"retirar"},"_links":{"self":[{"href":"https:\/\/portalv1.com.br\/api\/wp\/v2\/posts\/71958","targetHints":{"allow":["GET"]}}],"collection":[{"href":"https:\/\/portalv1.com.br\/api\/wp\/v2\/posts"}],"about":[{"href":"https:\/\/portalv1.com.br\/api\/wp\/v2\/types\/post"}],"author":[{"embeddable":true,"href":"https:\/\/portalv1.com.br\/api\/wp\/v2\/users\/1"}],"replies":[{"embeddable":true,"href":"https:\/\/portalv1.com.br\/api\/wp\/v2\/comments?post=71958"}],"version-history":[{"count":0,"href":"https:\/\/portalv1.com.br\/api\/wp\/v2\/posts\/71958\/revisions"}],"wp:featuredmedia":[{"embeddable":true,"href":"https:\/\/portalv1.com.br\/api\/wp\/v2\/media\/71956"}],"wp:attachment":[{"href":"https:\/\/portalv1.com.br\/api\/wp\/v2\/media?parent=71958"}],"wp:term":[{"taxonomy":"category","embeddable":true,"href":"https:\/\/portalv1.com.br\/api\/wp\/v2\/categories?post=71958"},{"taxonomy":"post_tag","embeddable":true,"href":"https:\/\/portalv1.com.br\/api\/wp\/v2\/tags?post=71958"}],"curies":[{"name":"wp","href":"https:\/\/api.w.org\/{rel}","templated":true}]}}