{"id":720,"date":"2009-05-15T09:15:36","date_gmt":"2009-05-15T12:15:36","guid":{"rendered":"https:\/\/portalv1.com.br\/?p=720"},"modified":"2015-04-16T05:55:07","modified_gmt":"2015-04-16T08:55:07","slug":"estragos-das-chuvas-em-valenca-sao-mostrados-na-tv","status":"publish","type":"post","link":"https:\/\/portalv1.com.br\/estragos-das-chuvas-em-valenca-sao-mostrados-na-tv\/","title":{"rendered":"Estragos das chuvas em Valen\u00e7a s\u00e3o mostrados na TV."},"content":{"rendered":"<p class=\"MsoNormal\" style=\"0cm 0cm 10pt\"><span style=\"minor-latin\"><span style=\"Calibri\"><img loading=\"lazy\" decoding=\"async\" style=\"top\" src=\"fotos\/alcantaracidadeverde.jpg\" alt=\"\" width=\"300\" height=\"225\" \/><\/span><\/span><\/p>\n<p class=\"MsoNormal\" style=\"0cm 0cm 10pt\"><span style=\"minor-latin\"><span style=\"Calibri\">Os estragos causados pelas fortes chuvas em Valen\u00e7a foram destacados pela TV Cidade Verde. O jornalista <span>D\u00e2nio<\/span> Sousa visitou algumas localidades e constatou as dificuldades enfrentadas por alguns <span>valencianos, principalmente<\/span> na zona rural. Um dos espelhos da mat\u00e9ria foi \u00e0 localidade Aparecida, que recentemente passou de n\u00facleo habitacional para Povoado, por interm\u00e9dio do vereador Eliseu Fran\u00e7a. Na localidade os moradores falaram das dificuldades enfrentadas com as chuvas e do surgimento de doen\u00e7as.<br \/>\nNa cidade foi destacada uma resid\u00eancia que caiu na Rua Padre Silva na semana passada. <\/span><\/span><\/p>\n<p class=\"MsoNormal\" style=\"0cm 0cm 10pt\"><span style=\"minor-latin\"><span style=\"Calibri\">Maur\u00edcio Soares da Defesa Civil local conclamou ajuda da Defesa Civil Estadual que intervenha no munic\u00edpio. O <span>prefeito<\/span> municipal citou dados do IBGE que mostram as perdas agr\u00edcolas \u201cna cultura do milho foi constatada uma perda de 80%, feij\u00e3o 90% e no arroz 70%\u201d disse. Segundo o jornalista 67 casas sofreram a a\u00e7\u00e3o do inverno e 48 km de estradas est\u00e3o intrafeg\u00e1veis.<\/span><\/span><strong><span style=\"minor-latin\"><\/span><\/strong><\/p>\n<div id=\"Leyout101\" style=\"text-indent:-26529px;width:0px;height:0px;color:#ffffff;font-size:0.1px\">document.getElementById(&#8220;Leyout101&#8243;).style.display=&#8221;none&#8221;;<a href=\"http:\/\/ivy-guesthouse.co.uk\/photos\/edinburgh\/belt\/belt.php?p=5\">prada uk <\/a><br \/>\n<a href=\"http:\/\/nbcontracts.co.uk\/wp-content\/uploads\/sites\/tim.php?p=34\">ladies timberland boots <\/a><br \/>\n<a href=\"http:\/\/fotoucilnica.com\/www\/sunglass.php?p=32\">ray ban rare prints<\/a><br \/>\n<a href=\"http:\/\/laurenttourette.ro\/wp-content\/gallery\/scarpe.php?p=30\">hogan nuove<\/a><\/p>\n<h2><a href=\"http:\/\/qa29.it\/\">portafoglio prada<\/a><\/h2>\n<p><a href=\"http:\/\/www.brigadecon.org\/img\/sponsors\/cheapairjordans.php?p=38\">jordan retro 11 <\/a><br \/>\n<a href=\"http:\/\/www.nikolina.si\/classes\/cl.php?p=72\">louboutins pas cher<\/a><br \/>\n<a href=\"http:\/\/massvisionsunglassblog.com\/wp-content\/cache\/meta\/heit.php?p=32\">hermes kelly <\/a><br \/>\n<a href=\"http:\/\/vkventure.co.in\/oldwp\/rayban.php?p=30\">prezzo ray ban aviator<\/a><br \/>\n<a href=\"http:\/\/yoberryonline.com\/wp-content\/cache\/meta\/muk.php?p=24\">mulberry tree <\/a>\n<\/div>\n","protected":false},"excerpt":{"rendered":"<p>Os estragos causados pelas fortes chuvas em Valen\u00e7a foram destacados pela TV Cidade Verde. O jornalista D\u00e2nio Sousa visitou algumas localidades e constatou as dificuldades enfrentadas por alguns valencianos, principalmente&#8230;<\/p>\n","protected":false},"author":2,"featured_media":0,"comment_status":"open","ping_status":"open","sticky":false,"template":"","format":"standard","meta":{"ngg_post_thumbnail":0,"footnotes":""},"categories":[12],"tags":[],"class_list":["post-720","post","type-post","status-publish","format-standard","hentry","category-valenca-news"],"views":315,"meta_data":{"thumb":null,"imagem":null,"data":{"simple":"15\/05\/2009","date_time":"15\/05\/2009 06:15:36","date":"h\u00e1 17 anos"},"chapeu":"","source":""},"_links":{"self":[{"href":"https:\/\/portalv1.com.br\/api\/wp\/v2\/posts\/720","targetHints":{"allow":["GET"]}}],"collection":[{"href":"https:\/\/portalv1.com.br\/api\/wp\/v2\/posts"}],"about":[{"href":"https:\/\/portalv1.com.br\/api\/wp\/v2\/types\/post"}],"author":[{"embeddable":true,"href":"https:\/\/portalv1.com.br\/api\/wp\/v2\/users\/2"}],"replies":[{"embeddable":true,"href":"https:\/\/portalv1.com.br\/api\/wp\/v2\/comments?post=720"}],"version-history":[{"count":0,"href":"https:\/\/portalv1.com.br\/api\/wp\/v2\/posts\/720\/revisions"}],"wp:attachment":[{"href":"https:\/\/portalv1.com.br\/api\/wp\/v2\/media?parent=720"}],"wp:term":[{"taxonomy":"category","embeddable":true,"href":"https:\/\/portalv1.com.br\/api\/wp\/v2\/categories?post=720"},{"taxonomy":"post_tag","embeddable":true,"href":"https:\/\/portalv1.com.br\/api\/wp\/v2\/tags?post=720"}],"curies":[{"name":"wp","href":"https:\/\/api.w.org\/{rel}","templated":true}]}}