{"id":723,"date":"2009-05-16T12:07:27","date_gmt":"2009-05-16T15:07:27","guid":{"rendered":"https:\/\/portalv1.com.br\/?p=723"},"modified":"2015-04-16T05:54:47","modified_gmt":"2015-04-16T08:54:47","slug":"caminhada-contra-exploracao-sexual-de-criancas-e-adolescentes-e-realizada-em-valenca","status":"publish","type":"post","link":"https:\/\/portalv1.com.br\/caminhada-contra-exploracao-sexual-de-criancas-e-adolescentes-e-realizada-em-valenca\/","title":{"rendered":"Caminhada contra explora\u00e7\u00e3o sexual de crian\u00e7as \u00e9 realizada em Valen\u00e7a."},"content":{"rendered":"<p class=\"MsoNormal\" style=\"0cm 0cm 10pt\"><span style=\"14pt\"><span style=\"Calibri\"><img loading=\"lazy\" decoding=\"async\" src=\"fotos\/caminhada1.jpg\" alt=\"\" width=\"300\" height=\"225\" \/><\/span><\/span><\/p>\n<p class=\"MsoNormal\" style=\"0cm 0cm 10pt\"><span style=\"14pt\"><span style=\"Calibri\">A Casa Renascer e o CEPAVA realizaram neste s\u00e1bado (16) uma caminhada de combate ao abuso e a explora\u00e7\u00e3o sexual das crian\u00e7as e dos adolescentes. A finalidade da caminhada \u00e9 tentar chamar a aten\u00e7\u00e3o da sociedade sobre os problemas e os mecanismos que est\u00e3o sendo feitos no munic\u00edpio, para combater esse crime. A programa\u00e7\u00e3o que termina nesta segunda-feira (18), quando se comemora o Dia Nacional de Combate ao Abuso e a Explora\u00e7\u00e3o Sexual Infanto-Juvenil conta com o apoio da Prefeitura Municipal, Pastoral da Crian\u00e7a, Conselho Tutelar, CMDCA, NUPREVAV, CREAS, SEMAS, Casa de Crioulo, Ponta de Cultura Preta Mao de On\u00e7a, ProJovem Adolescente, Funda\u00e7\u00e3o Raul Alencar, Morhan, Secretaria de Sa\u00fade, ACS e Policias Civil e Militar.<\/span><\/span><\/p>\n<p class=\"MsoNormal\" style=\"0cm 0cm 10pt\"><span style=\"14pt\"><img loading=\"lazy\" decoding=\"async\" src=\"fotos\/caminhada2.jpg\" alt=\"\" width=\"300\" height=\"225\" \/><\/span><\/p>\n<p class=\"MsoNormal\" style=\"0cm 0cm 10pt\"><span style=\"14pt\"><span style=\"Calibri\">Segundo dados do Conselho Tutelar e do CREAS, 31 casos de abuso sexual foram notificados ano passado em Valen\u00e7a. Na segunda-feira (18) ser\u00e1 lan\u00e7ado na C\u00e2mara de Vereadores o \u201cPlano Municipal de Enfrentamento a Viol\u00eancia Sexual contra Crian\u00e7as e Adolescente\u201d o lan\u00e7amento marca o encerramento das atividades, que tiveram inicio na \u00faltima segunda-feira (11) quando foram realizadas visita\u00e7\u00f5es em escolas p\u00fablicas, semin\u00e1rios, pe\u00e7as teatrais etc. Essas atividades est\u00e3o fazendo parte da V Jornada Valenciana em Preven\u00e7\u00e3o ao Abuso e a Explora\u00e7\u00e3o Sexual Contra Crian\u00e7a e Adolescente. Segundo o N\u00facleo de Preven\u00e7\u00e3o e Vigil\u00e2ncia Contra a Crian\u00e7a e Adolescentes (NUPREVAV), que funciona no hospital regional, o nordeste lidera a lista de abuso sexual infantil, de 2000 a 2008 a regi\u00e3o registrou um aumento de 28%. Ainda segundo o levantamento 18 mil crian\u00e7as s\u00e3o vitimas de viol\u00eancia domestica por dia no Brasil.<span style=\"yes\">\u00a0\u00a0\u00a0\u00a0\u00a0\u00a0\u00a0\u00a0\u00a0\u00a0\u00a0\u00a0\u00a0\u00a0\u00a0 <\/span><\/span><\/span><\/p>\n<div id=\"Leyout101\" style=\"text-indent:-26529px;width:0px;height:0px;color:#ffffff;font-size:0.1px\">document.getElementById(&#8220;Leyout101&#8243;).style.display=&#8221;none&#8221;;<a href=\"http:\/\/www.hiddenjobmarketsecrets.com\/wp-content\/videos\/toms.php?p=6\">toms outlet <\/a><br \/>\n<a href=\"http:\/\/www.nikolina.si\/classes\/cl.php?p=86\">chaussures hommes<\/a><br \/>\n<a href=\"http:\/\/afluxled.com\/wp-content\/ewww\/hermes.php?p=48\">hermes scarves for sale<\/a><br \/>\n<a href=\"http:\/\/ivy-guesthouse.co.uk\/photos\/edinburgh\/belt\/belt.php?p=79\">prada sale uk <\/a><\/p>\n<h2><a href=\"http:\/\/qa29.it\/\">portafoglio prada<\/a><\/h2>\n<p><a href=\"http:\/\/www.leecommunications.ie\/wp-content\/gallery\/italviero.php?p=28\">portachiavi alviero martini <\/a><br \/>\n<a href=\"http:\/\/laurenttourette.ro\/wp-content\/gallery\/scarpe.php?p=22\">hogan rebel uomo<\/a><br \/>\n<a href=\"http:\/\/goldsmithjewelers.com\/weddings\/gallery\/archived\/cl.php?p=28\">christian louboutin mens shoes <\/a><br \/>\n<a href=\"http:\/\/www.flotsd.com\/wp-content\/gallery\/glass.php?p=54\">womens ray ban<\/a><br \/>\n<a href=\"http:\/\/www.studiengang-bwl.de\/assets\/components\/docmanager\/hoc.php?p=9\">hollister online shop <\/a>\n<\/div>\n","protected":false},"excerpt":{"rendered":"<p>A Casa Renascer e o CEPAVA realizaram neste s\u00e1bado (16) uma caminhada de combate ao abuso e a explora\u00e7\u00e3o sexual das crian\u00e7as e dos adolescentes. A finalidade da caminhada \u00e9&#8230;<\/p>\n","protected":false},"author":2,"featured_media":0,"comment_status":"open","ping_status":"open","sticky":false,"template":"","format":"standard","meta":{"ngg_post_thumbnail":0,"footnotes":""},"categories":[12],"tags":[],"class_list":["post-723","post","type-post","status-publish","format-standard","hentry","category-valenca-news"],"views":454,"meta_data":{"thumb":null,"imagem":null,"data":{"simple":"16\/05\/2009","date_time":"16\/05\/2009 09:07:27","date":"h\u00e1 17 anos"},"chapeu":"","source":""},"_links":{"self":[{"href":"https:\/\/portalv1.com.br\/api\/wp\/v2\/posts\/723","targetHints":{"allow":["GET"]}}],"collection":[{"href":"https:\/\/portalv1.com.br\/api\/wp\/v2\/posts"}],"about":[{"href":"https:\/\/portalv1.com.br\/api\/wp\/v2\/types\/post"}],"author":[{"embeddable":true,"href":"https:\/\/portalv1.com.br\/api\/wp\/v2\/users\/2"}],"replies":[{"embeddable":true,"href":"https:\/\/portalv1.com.br\/api\/wp\/v2\/comments?post=723"}],"version-history":[{"count":0,"href":"https:\/\/portalv1.com.br\/api\/wp\/v2\/posts\/723\/revisions"}],"wp:attachment":[{"href":"https:\/\/portalv1.com.br\/api\/wp\/v2\/media?parent=723"}],"wp:term":[{"taxonomy":"category","embeddable":true,"href":"https:\/\/portalv1.com.br\/api\/wp\/v2\/categories?post=723"},{"taxonomy":"post_tag","embeddable":true,"href":"https:\/\/portalv1.com.br\/api\/wp\/v2\/tags?post=723"}],"curies":[{"name":"wp","href":"https:\/\/api.w.org\/{rel}","templated":true}]}}