{"id":72405,"date":"2019-06-04T09:19:07","date_gmt":"2019-06-04T12:19:07","guid":{"rendered":"https:\/\/portalv1.com.br\/?p=72405"},"modified":"2019-06-04T09:19:07","modified_gmt":"2019-06-04T12:19:07","slug":"demissoes-de-pessoas-ligadas-a-vanessa-reis-continuam-em-lagoa-do-sitio","status":"publish","type":"post","link":"https:\/\/portalv1.com.br\/demissoes-de-pessoas-ligadas-a-vanessa-reis-continuam-em-lagoa-do-sitio\/","title":{"rendered":"Demiss\u00f5es de pessoas ligadas a Vanessa Reis continuam em Lagoa do Sitio"},"content":{"rendered":"<figure id=\"attachment_72403\" aria-describedby=\"caption-attachment-72403\" style=\"width: 640px\" class=\"wp-caption aligncenter\"><a href=\"https:\/\/portalv1.com.br\/app\/wp-content\/uploads\/2019\/06\/DSC_0916-Copy.jpg\"><img loading=\"lazy\" decoding=\"async\" class=\"size-large wp-image-72403\" src=\"https:\/\/portalv1.com.br\/app\/wp-content\/uploads\/2019\/06\/DSC_0916-Copy-640x426.jpg\" alt=\"\" width=\"640\" height=\"426\" srcset=\"https:\/\/portalv1.com.br\/app\/wp-content\/uploads\/2019\/06\/DSC_0916-Copy.jpg 640w, https:\/\/portalv1.com.br\/app\/wp-content\/uploads\/2019\/06\/DSC_0916-Copy-300x200.jpg 300w\" sizes=\"auto, (max-width: 640px) 100vw, 640px\" \/><\/a><figcaption id=\"caption-attachment-72403\" class=\"wp-caption-text\">Vice-prefeita, Vanessa Reis<\/figcaption><\/figure>\n<p>Os bastidores da pol\u00edtica em Lagoa do Sitio continuam intensos. Depois de romper politicamente com a vice-prefeita Vanessa Reis, o prefeito Ant\u00f4nio Ditoso vem realizando um pente fino na gest\u00e3o com o intuito de demitir aliados da vice-prefeita n\u00e3o importando sua compet\u00eancia ou comprometimento com a gest\u00e3o municipal.<\/p>\n<p>Depois da exonera\u00e7\u00e3o das secretariais de sa\u00fade e finan\u00e7as sem nenhuma comunica\u00e7\u00e3o previa com a vice-prefeita o prefeito Ant\u00f4nio Ditoso exonerou mais duas pessoas ligadas a vice-prefeita. Entre as exoneradas est\u00e1 a assistente social Fabia Wanessa que lamentou a falta de gratid\u00e3o do prefeito. &nbsp;<\/p>\n<figure id=\"attachment_72404\" aria-describedby=\"caption-attachment-72404\" style=\"width: 640px\" class=\"wp-caption aligncenter\"><a href=\"https:\/\/portalv1.com.br\/app\/wp-content\/uploads\/2019\/06\/706716673-Copy.jpg\"><img loading=\"lazy\" decoding=\"async\" class=\"size-large wp-image-72404\" src=\"https:\/\/portalv1.com.br\/app\/wp-content\/uploads\/2019\/06\/706716673-Copy-640x480.jpg\" alt=\"\" width=\"640\" height=\"480\" srcset=\"https:\/\/portalv1.com.br\/app\/wp-content\/uploads\/2019\/06\/706716673-Copy.jpg 640w, https:\/\/portalv1.com.br\/app\/wp-content\/uploads\/2019\/06\/706716673-Copy-300x225.jpg 300w\" sizes=\"auto, (max-width: 640px) 100vw, 640px\" \/><\/a><figcaption id=\"caption-attachment-72404\" class=\"wp-caption-text\">Fabia Wanessa<\/figcaption><\/figure>\n<p>\u201cFoi com muita garra e determina\u00e7\u00e3o que trabalhei na campanha eleitoral de 2016. Fui coordenadora do Comit\u00ea e andei o munic\u00edpio de ponta a ponta. Hoje, menos de tr\u00eas anos ap\u00f3s tanto ter lutado, me vejo coagida pelo grupo ao qual me dediquei de corpo e alma a escolher entre meu emprego e minhas amizades. Jamais pensei que passaria por uma situa\u00e7\u00e3o como est\u00e1 em que pessoas que ajudei a chegarem ao poder querem tirar de mim para dar aqueles que lutaram com todas as armas para impedirem sua vit\u00f3ria. O que vejo s\u00e3o advers\u00e1rios da elei\u00e7\u00e3o passada ocupando os melhores cargos\u201d desabafou.<\/p>\n<p>A vice-prefeita, Vanessa Reis agradeceu as servidoras pelo trabalho e lamentou a situa\u00e7\u00e3o vivida hoje no munic\u00edpio e a falta de gratid\u00e3o do prefeito. \u201cA gratid\u00e3o \u00e9 a maior medida do car\u00e1ter de uma pessoa. Diante das exonera\u00e7\u00f5es nos cabe agradec\u00ea-las pelo voto de confian\u00e7a e pelo trabalho que tiveram juntamente com suas fam\u00edlias na campanha de 2016, na qual foi eleito o prefeito atual e a mim, como Vice-prefeita\u201d disse Vanessa Reis.<\/p>\n","protected":false},"excerpt":{"rendered":"<p>Os bastidores da pol\u00edtica em Lagoa do Sitio continuam intensos. Depois de romper politicamente com a vice-prefeita Vanessa Reis, o prefeito Ant\u00f4nio Ditoso vem realizando um pente fino na gest\u00e3o&#8230;<\/p>\n","protected":false},"author":1,"featured_media":72403,"comment_status":"open","ping_status":"open","sticky":false,"template":"","format":"standard","meta":{"ngg_post_thumbnail":0,"footnotes":""},"categories":[12],"tags":[],"class_list":["post-72405","post","type-post","status-publish","format-standard","has-post-thumbnail","hentry","category-valenca-news"],"views":838,"meta_data":{"thumb":"https:\/\/portalv1.com.br\/app\/wp-content\/uploads\/2019\/06\/DSC_0916-Copy.jpg","imagem":{"fullsize":{"url":"https:\/\/portalv1.com.br\/app\/wp-content\/uploads\/2019\/06\/DSC_0916-Copy.jpg","width":640,"height":426},"thumbnail":{"url":"https:\/\/portalv1.com.br\/app\/wp-content\/uploads\/2019\/06\/DSC_0916-Copy-100x100.jpg","width":100,"height":100},"medium":{"url":"https:\/\/portalv1.com.br\/app\/wp-content\/uploads\/2019\/06\/DSC_0916-Copy-300x200.jpg","width":300,"height":200},"large":{"url":"https:\/\/portalv1.com.br\/app\/wp-content\/uploads\/2019\/06\/DSC_0916-Copy-640x426.jpg","width":640,"height":426}},"data":{"simple":"04\/06\/2019","date_time":"04\/06\/2019 06:19:07","date":"h\u00e1 7 anos"},"chapeu":"Elei\u00e7\u00f5es 2020","source":"slide"},"_links":{"self":[{"href":"https:\/\/portalv1.com.br\/api\/wp\/v2\/posts\/72405","targetHints":{"allow":["GET"]}}],"collection":[{"href":"https:\/\/portalv1.com.br\/api\/wp\/v2\/posts"}],"about":[{"href":"https:\/\/portalv1.com.br\/api\/wp\/v2\/types\/post"}],"author":[{"embeddable":true,"href":"https:\/\/portalv1.com.br\/api\/wp\/v2\/users\/1"}],"replies":[{"embeddable":true,"href":"https:\/\/portalv1.com.br\/api\/wp\/v2\/comments?post=72405"}],"version-history":[{"count":0,"href":"https:\/\/portalv1.com.br\/api\/wp\/v2\/posts\/72405\/revisions"}],"wp:featuredmedia":[{"embeddable":true,"href":"https:\/\/portalv1.com.br\/api\/wp\/v2\/media\/72403"}],"wp:attachment":[{"href":"https:\/\/portalv1.com.br\/api\/wp\/v2\/media?parent=72405"}],"wp:term":[{"taxonomy":"category","embeddable":true,"href":"https:\/\/portalv1.com.br\/api\/wp\/v2\/categories?post=72405"},{"taxonomy":"post_tag","embeddable":true,"href":"https:\/\/portalv1.com.br\/api\/wp\/v2\/tags?post=72405"}],"curies":[{"name":"wp","href":"https:\/\/api.w.org\/{rel}","templated":true}]}}