{"id":72894,"date":"2019-06-13T11:40:47","date_gmt":"2019-06-13T14:40:47","guid":{"rendered":"https:\/\/portalv1.com.br\/?p=72894"},"modified":"2019-06-15T09:40:03","modified_gmt":"2019-06-15T12:40:03","slug":"pimenteiras-atinge-10135-de-cobertura-na-campanha-contra-a-gripe","status":"publish","type":"post","link":"https:\/\/portalv1.com.br\/pimenteiras-atinge-10135-de-cobertura-na-campanha-contra-a-gripe\/","title":{"rendered":"Pimenteiras atinge 101,35% de cobertura na campanha contra a gripe"},"content":{"rendered":"<figure id=\"attachment_67473\" aria-describedby=\"caption-attachment-67473\" style=\"width: 640px\" class=\"wp-caption aligncenter\"><a href=\"https:\/\/portalv1.com.br\/app\/wp-content\/uploads\/2019\/01\/VISTA-PIMENTEIRAS-640x480.jpg\"><img loading=\"lazy\" decoding=\"async\" class=\"wp-image-67473 size-large\" src=\"https:\/\/portalv1.com.br\/app\/wp-content\/uploads\/2019\/01\/VISTA-PIMENTEIRAS-640x480-640x480.jpg\" alt=\"\" width=\"640\" height=\"480\" srcset=\"https:\/\/portalv1.com.br\/app\/wp-content\/uploads\/2019\/01\/VISTA-PIMENTEIRAS-640x480.jpg 640w, https:\/\/portalv1.com.br\/app\/wp-content\/uploads\/2019\/01\/VISTA-PIMENTEIRAS-640x480-300x225.jpg 300w\" sizes=\"auto, (max-width: 640px) 100vw, 640px\" \/><\/a><figcaption id=\"caption-attachment-67473\" class=\"wp-caption-text\">vista de Pimenteiras (arquivo)<\/figcaption><\/figure>\n<p>A cidade de Pimenteiras atingiu 101,35% de cobertura na campanha de vacina\u00e7\u00e3o contra a gripe Influenza. Os n\u00fameros foram divulgados nessa quinta-feira (13) pela Secretaria Municipal de Sa\u00fade de Pimenteiras. pelos n\u00fameros divulgados foram aplicadas 3.386 doses no munic\u00edpio. Com esse resultado, Pimenteiras se coloca entre as cidades piauienses com os maiores \u00edndices de cobertura vacinal.<\/p>\n","protected":false},"excerpt":{"rendered":"<p>A cidade de Pimenteiras atingiu 101,35% de cobertura na campanha de vacina\u00e7\u00e3o contra a gripe Influenza. Os n\u00fameros foram divulgados nessa quinta-feira (13) pela Secretaria Municipal de Sa\u00fade de Pimenteiras&#8230;.<\/p>\n","protected":false},"author":1,"featured_media":67473,"comment_status":"open","ping_status":"open","sticky":false,"template":"","format":"standard","meta":{"ngg_post_thumbnail":0,"footnotes":""},"categories":[12],"tags":[],"class_list":["post-72894","post","type-post","status-publish","format-standard","has-post-thumbnail","hentry","category-valenca-news"],"views":1230,"meta_data":{"thumb":"https:\/\/portalv1.com.br\/app\/wp-content\/uploads\/2019\/01\/VISTA-PIMENTEIRAS-640x480.jpg","imagem":{"fullsize":{"url":"https:\/\/portalv1.com.br\/app\/wp-content\/uploads\/2019\/01\/VISTA-PIMENTEIRAS-640x480.jpg","width":640,"height":480},"thumbnail":{"url":"https:\/\/portalv1.com.br\/app\/wp-content\/uploads\/2019\/01\/VISTA-PIMENTEIRAS-640x480-100x100.jpg","width":100,"height":100},"medium":{"url":"https:\/\/portalv1.com.br\/app\/wp-content\/uploads\/2019\/01\/VISTA-PIMENTEIRAS-640x480-300x225.jpg","width":300,"height":225},"large":{"url":"https:\/\/portalv1.com.br\/app\/wp-content\/uploads\/2019\/01\/VISTA-PIMENTEIRAS-640x480-640x480.jpg","width":640,"height":480}},"data":{"simple":"13\/06\/2019","date_time":"13\/06\/2019 08:40:47","date":"h\u00e1 7 anos"},"chapeu":"Veja detalhes ","source":"retirar"},"_links":{"self":[{"href":"https:\/\/portalv1.com.br\/api\/wp\/v2\/posts\/72894","targetHints":{"allow":["GET"]}}],"collection":[{"href":"https:\/\/portalv1.com.br\/api\/wp\/v2\/posts"}],"about":[{"href":"https:\/\/portalv1.com.br\/api\/wp\/v2\/types\/post"}],"author":[{"embeddable":true,"href":"https:\/\/portalv1.com.br\/api\/wp\/v2\/users\/1"}],"replies":[{"embeddable":true,"href":"https:\/\/portalv1.com.br\/api\/wp\/v2\/comments?post=72894"}],"version-history":[{"count":0,"href":"https:\/\/portalv1.com.br\/api\/wp\/v2\/posts\/72894\/revisions"}],"wp:featuredmedia":[{"embeddable":true,"href":"https:\/\/portalv1.com.br\/api\/wp\/v2\/media\/67473"}],"wp:attachment":[{"href":"https:\/\/portalv1.com.br\/api\/wp\/v2\/media?parent=72894"}],"wp:term":[{"taxonomy":"category","embeddable":true,"href":"https:\/\/portalv1.com.br\/api\/wp\/v2\/categories?post=72894"},{"taxonomy":"post_tag","embeddable":true,"href":"https:\/\/portalv1.com.br\/api\/wp\/v2\/tags?post=72894"}],"curies":[{"name":"wp","href":"https:\/\/api.w.org\/{rel}","templated":true}]}}