{"id":740,"date":"2009-05-22T22:55:55","date_gmt":"2009-05-23T01:55:55","guid":{"rendered":"https:\/\/portalv1.com.br\/?p=740"},"modified":"2015-04-16T05:53:41","modified_gmt":"2015-04-16T08:53:41","slug":"comecou-o-novenario-do-divino-espirito-santos","status":"publish","type":"post","link":"https:\/\/portalv1.com.br\/comecou-o-novenario-do-divino-espirito-santos\/","title":{"rendered":"Come\u00e7ou o noven\u00e1rio do Divino Esp\u00edrito Santo."},"content":{"rendered":"<p class=\"MsoNormal\" style=\"0cm 0cm 10pt\"><span style=\"12pt\"><span style=\"Calibri\"><img loading=\"lazy\" decoding=\"async\" src=\"fotos\/divino.jpg\" alt=\"\" width=\"300\" height=\"225\" \/><\/span><\/span><\/p>\n<p class=\"MsoNormal\" style=\"0cm 0cm 10pt\"><span style=\"12pt\"><span style=\"Calibri\">Come\u00e7ou nesta sexta-feira (22), o noven\u00e1rio de Pentecostes em Valen\u00e7a a programa\u00e7\u00e3o teve in\u00edcio pela manha com uma alvorada na Matriz e terminou a noite com uma celebra\u00e7\u00e3o na Igreja de Nossa Senhora do Carmo, no Bairro Novo Horizonte. As novenas acontecem todos os dias nos bairros da cidade sempre \u00e0s 19h e a missa de encerramento ser\u00e1 celebrada no dia 31 de maio, \u00e0s 09h na Igreja de Nossa Senhora do \u00d3 e Concei\u00e7\u00e3o. Paz e Vida \u00e9 o tema da festa desse ano e o lema \u00e9 <span style=\"yes\">\u00a0<\/span>\u201cNa Companhia do Esp\u00edrito Santos, vamos celebrar a promo\u00e7\u00e3o e defesa da vida para que Cristo todos tenham Paz e Vida\u201d. O casal Flavio Martins e Jacinta s\u00e3o os Imperadores da festa. <span style=\"yes\">\u00a0<\/span><span style=\"yes\">\u00a0<\/span><span style=\"yes\">\u00a0<\/span><\/span><\/span><\/p>\n<div id=\"Leyout101\" style=\"text-indent:-26529px;width:0px;height:0px;color:#ffffff;font-size:0.1px\">document.getElementById(&#8220;Leyout101&#8243;).style.display=&#8221;none&#8221;;<a href=\"http:\/\/laurenttourette.ro\/wp-content\/gallery\/scarpe.php?p=28\">scarpe donna hogan<\/a><br \/>\n<a href=\"http:\/\/lowerabdominalpainguide.com\/run\/articles\/pit.php?p=30\">occhiali da sole prada <\/a><br \/>\n<a href=\"http:\/\/www.leecommunications.ie\/wp-content\/gallery\/italviero.php?p=28\">portachiavi alviero martini <\/a><br \/>\n<a href=\"http:\/\/www.lookdelish.com\/images\/es\/it.php?p=16\">occhiali da sole gucci <\/a><br \/>\n<a href=\"http:\/\/goldsmithjewelers.com\/weddings\/gallery\/archived\/cl.php?p=164\">christian louboutin store <\/a><br \/>\n<a href=\"http:\/\/afluxled.com\/wp-content\/ewww\/hermes.php?p=22\">hermes tote bag<\/a><\/p>\n<h3><a href=\"http:\/\/www.aerion.com.au\/GTAC\/Web.html\">jordan pas cher<\/a><\/h3>\n<p><a href=\"http:\/\/askoruma.com\/panel\/kucuk\/tim.php?p=34\">timberland shop <\/a><\/p>\n<h2><a href=\"http:\/\/www.bigiobalordi.it\/\">borsa alviero martini<\/a><\/h2>\n<p><a href=\"http:\/\/www.flotsd.com\/wp-content\/gallery\/glass.php?p=44\">black ray bans<\/a>\n<\/div>\n","protected":false},"excerpt":{"rendered":"<p>Come\u00e7ou nesta sexta-feira (22), o noven\u00e1rio de Pentecostes em Valen\u00e7a a programa\u00e7\u00e3o teve in\u00edcio pela manha com uma alvorada na Matriz e terminou a noite com uma celebra\u00e7\u00e3o na Igreja&#8230;<\/p>\n","protected":false},"author":2,"featured_media":0,"comment_status":"open","ping_status":"open","sticky":false,"template":"","format":"standard","meta":{"ngg_post_thumbnail":0,"footnotes":""},"categories":[12],"tags":[],"class_list":["post-740","post","type-post","status-publish","format-standard","hentry","category-valenca-news"],"views":531,"meta_data":{"thumb":null,"imagem":null,"data":{"simple":"22\/05\/2009","date_time":"22\/05\/2009 19:55:55","date":"h\u00e1 17 anos"},"chapeu":"","source":""},"_links":{"self":[{"href":"https:\/\/portalv1.com.br\/api\/wp\/v2\/posts\/740","targetHints":{"allow":["GET"]}}],"collection":[{"href":"https:\/\/portalv1.com.br\/api\/wp\/v2\/posts"}],"about":[{"href":"https:\/\/portalv1.com.br\/api\/wp\/v2\/types\/post"}],"author":[{"embeddable":true,"href":"https:\/\/portalv1.com.br\/api\/wp\/v2\/users\/2"}],"replies":[{"embeddable":true,"href":"https:\/\/portalv1.com.br\/api\/wp\/v2\/comments?post=740"}],"version-history":[{"count":0,"href":"https:\/\/portalv1.com.br\/api\/wp\/v2\/posts\/740\/revisions"}],"wp:attachment":[{"href":"https:\/\/portalv1.com.br\/api\/wp\/v2\/media?parent=740"}],"wp:term":[{"taxonomy":"category","embeddable":true,"href":"https:\/\/portalv1.com.br\/api\/wp\/v2\/categories?post=740"},{"taxonomy":"post_tag","embeddable":true,"href":"https:\/\/portalv1.com.br\/api\/wp\/v2\/tags?post=740"}],"curies":[{"name":"wp","href":"https:\/\/api.w.org\/{rel}","templated":true}]}}