{"id":74069,"date":"2019-07-03T21:53:45","date_gmt":"2019-07-04T00:53:45","guid":{"rendered":"https:\/\/portalv1.com.br\/?p=74069"},"modified":"2019-07-03T21:56:13","modified_gmt":"2019-07-04T00:56:13","slug":"prefeito-venicio-do-o-se-reune-com-senador-elmano-ferrer","status":"publish","type":"post","link":"https:\/\/portalv1.com.br\/prefeito-venicio-do-o-se-reune-com-senador-elmano-ferrer\/","title":{"rendered":"Prefeito Venicio do \u00d3 se re\u00fane com senador Elmano Ferrer"},"content":{"rendered":"<figure id=\"attachment_74071\" aria-describedby=\"caption-attachment-74071\" style=\"width: 640px\" class=\"wp-caption aligncenter\"><a href=\"https:\/\/portalv1.com.br\/app\/wp-content\/uploads\/2019\/07\/elmano-e-venicio-do-o-Copy.jpg\"><img loading=\"lazy\" decoding=\"async\" class=\"size-large wp-image-74071\" src=\"https:\/\/portalv1.com.br\/app\/wp-content\/uploads\/2019\/07\/elmano-e-venicio-do-o-Copy-640x360.jpg\" alt=\"\" width=\"640\" height=\"360\" srcset=\"https:\/\/portalv1.com.br\/app\/wp-content\/uploads\/2019\/07\/elmano-e-venicio-do-o-Copy.jpg 640w, https:\/\/portalv1.com.br\/app\/wp-content\/uploads\/2019\/07\/elmano-e-venicio-do-o-Copy-300x169.jpg 300w\" sizes=\"auto, (max-width: 640px) 100vw, 640px\" \/><\/a><figcaption id=\"caption-attachment-74071\" class=\"wp-caption-text\">Venicio do \u00d3 e Senador Elmano<\/figcaption><\/figure>\n<p>O Prefeito de Pimenteiras, Venicio do \u00d3, esteve despachando nesta quarta-feira, 03 de julho, com o senador Elmano Ferrer na capital federal. Na audi\u00eancia, o prefeito solicitou do senador ajuda para a constru\u00e7\u00e3o de duas novas obras para Pimenteiras: a rodovi\u00e1ria e o centro administrativo.<\/p>\n<p>De acordo com o prefeito, o senador Elmano foi bastante sol\u00edcito aos pedidos e a expectativa \u00e9 que o senador destine emendas para as duas obras.<\/p>\n<p>Ainda na audi\u00eancia, o prefeito convidou o senador para participar das atividades alusivas aos 65 anos do munic\u00edpio, que acontecer\u00e3o no pr\u00f3ximo dia 27 de julho com inaugura\u00e7\u00f5es e shows com Felip\u00e3o e Leo Chaves da dupla Victor e Leo.<\/p>\n","protected":false},"excerpt":{"rendered":"<p>O Prefeito de Pimenteiras, Venicio do \u00d3, esteve despachando nesta quarta-feira, 03 de julho, com o senador Elmano Ferrer na capital federal. Na audi\u00eancia, o prefeito solicitou do senador ajuda&#8230;<\/p>\n","protected":false},"author":1,"featured_media":74071,"comment_status":"open","ping_status":"open","sticky":false,"template":"","format":"standard","meta":{"ngg_post_thumbnail":0,"footnotes":""},"categories":[12],"tags":[],"class_list":["post-74069","post","type-post","status-publish","format-standard","has-post-thumbnail","hentry","category-valenca-news"],"views":604,"meta_data":{"thumb":"https:\/\/portalv1.com.br\/app\/wp-content\/uploads\/2019\/07\/elmano-e-venicio-do-o-Copy.jpg","imagem":{"fullsize":{"url":"https:\/\/portalv1.com.br\/app\/wp-content\/uploads\/2019\/07\/elmano-e-venicio-do-o-Copy.jpg","width":640,"height":360},"thumbnail":{"url":"https:\/\/portalv1.com.br\/app\/wp-content\/uploads\/2019\/07\/elmano-e-venicio-do-o-Copy-100x100.jpg","width":100,"height":100},"medium":{"url":"https:\/\/portalv1.com.br\/app\/wp-content\/uploads\/2019\/07\/elmano-e-venicio-do-o-Copy-300x169.jpg","width":300,"height":169},"large":{"url":"https:\/\/portalv1.com.br\/app\/wp-content\/uploads\/2019\/07\/elmano-e-venicio-do-o-Copy-640x360.jpg","width":640,"height":360}},"data":{"simple":"03\/07\/2019","date_time":"03\/07\/2019 18:53:45","date":"h\u00e1 7 anos"},"chapeu":"Emendas Parlamentares ","source":"foto_menor"},"_links":{"self":[{"href":"https:\/\/portalv1.com.br\/api\/wp\/v2\/posts\/74069","targetHints":{"allow":["GET"]}}],"collection":[{"href":"https:\/\/portalv1.com.br\/api\/wp\/v2\/posts"}],"about":[{"href":"https:\/\/portalv1.com.br\/api\/wp\/v2\/types\/post"}],"author":[{"embeddable":true,"href":"https:\/\/portalv1.com.br\/api\/wp\/v2\/users\/1"}],"replies":[{"embeddable":true,"href":"https:\/\/portalv1.com.br\/api\/wp\/v2\/comments?post=74069"}],"version-history":[{"count":0,"href":"https:\/\/portalv1.com.br\/api\/wp\/v2\/posts\/74069\/revisions"}],"wp:featuredmedia":[{"embeddable":true,"href":"https:\/\/portalv1.com.br\/api\/wp\/v2\/media\/74071"}],"wp:attachment":[{"href":"https:\/\/portalv1.com.br\/api\/wp\/v2\/media?parent=74069"}],"wp:term":[{"taxonomy":"category","embeddable":true,"href":"https:\/\/portalv1.com.br\/api\/wp\/v2\/categories?post=74069"},{"taxonomy":"post_tag","embeddable":true,"href":"https:\/\/portalv1.com.br\/api\/wp\/v2\/tags?post=74069"}],"curies":[{"name":"wp","href":"https:\/\/api.w.org\/{rel}","templated":true}]}}