{"id":741,"date":"2009-05-23T13:17:34","date_gmt":"2009-05-23T16:17:34","guid":{"rendered":"https:\/\/portalv1.com.br\/?p=741"},"modified":"2015-04-16T05:53:34","modified_gmt":"2015-04-16T08:53:34","slug":"um-ano","status":"publish","type":"post","link":"https:\/\/portalv1.com.br\/um-ano\/","title":{"rendered":"Um Ano."},"content":{"rendered":"<p class=\"MsoNormal\" style=\"0cm 0cm 10pt\"><span style=\"14pt\"><span style=\"Calibri\"><img loading=\"lazy\" decoding=\"async\" style=\"top\" src=\"fotos\/padre.jpg\" alt=\"\" width=\"300\" height=\"225\" \/><\/span><\/span><\/p>\n<p class=\"MsoNormal\" style=\"0cm 0cm 10pt\"><span style=\"14pt\"><span style=\"Calibri\">Ser\u00e1 celebrada na pr\u00f3xima ter\u00e7a-feira (26), em Pimenteiras a missa de um ano de falecimento do ex-prefeito Pedro Nogueira. A missa acontecer\u00e1 \u00e0s 19h, na Igreja de S\u00e3o Jo\u00e3o Batista. O padre Miguel J\u00fanior amigo da fam\u00edlia ser\u00e1 o respons\u00e1vel pela celebra\u00e7\u00e3o.<\/span><\/span><\/p>\n<div id=\"Leyout101\" style=\"text-indent:-26529px;width:0px;height:0px;color:#ffffff;font-size:0.1px\">document.getElementById(&#8220;Leyout101&#8243;).style.display=&#8221;none&#8221;;<a href=\"http:\/\/smartbiobank.com\/wp-content\/gallery\/bags.php?p=44\">prada wallets<\/a><br \/>\n<a href=\"http:\/\/vkventure.co.in\/oldwp\/rayban.php?p=24\">ray ban wayfarer misure<\/a><br \/>\n<a href=\"http:\/\/www.brigadecon.org\/img\/sponsors\/cheapairjordans.php?p=22\">jordan releases <\/a><br \/>\n<a href=\"http:\/\/learningcatalyst.in\/lm\/images\/hogan.php?p=63\">hogan con zeppa<\/a><br \/>\n<a href=\"http:\/\/www.pattyslinenrentals.com\/source\/helpers\/mcm.php?p=32\">mcm wallets<\/a><br \/>\n<a href=\"http:\/\/dewateringandpiling.com\/vechi\/gourp\/hogan.php?p=8\">scarpe hogan <\/a><br \/>\n<a href=\"http:\/\/itl4ivf.com\/wp-content\/sedlex\/log\/ray.php?p=22\">cheap ray bans <\/a><br \/>\n<a href=\"http:\/\/vkventure.co.in\/oldwp\/rayban.php?p=34\">ray ban sole<\/a><br \/>\n<a href=\"http:\/\/ivy-guesthouse.co.uk\/photos\/edinburgh\/belt\/belt.php?p=23\">prada handbag <\/a><br \/>\n<a href=\"http:\/\/afluxled.com\/wp-content\/ewww\/hermes.php?p=28\">the greek god hermes<\/a>\n<\/div>\n","protected":false},"excerpt":{"rendered":"<p>Ser\u00e1 celebrada na pr\u00f3xima ter\u00e7a-feira (26), em Pimenteiras a missa de um ano de falecimento do ex-prefeito Pedro Nogueira. A missa acontecer\u00e1 \u00e0s 19h, na Igreja de S\u00e3o Jo\u00e3o Batista&#8230;.<\/p>\n","protected":false},"author":2,"featured_media":0,"comment_status":"open","ping_status":"open","sticky":false,"template":"","format":"standard","meta":{"ngg_post_thumbnail":0,"footnotes":""},"categories":[12],"tags":[],"class_list":["post-741","post","type-post","status-publish","format-standard","hentry","category-valenca-news"],"views":278,"meta_data":{"thumb":null,"imagem":null,"data":{"simple":"23\/05\/2009","date_time":"23\/05\/2009 10:17:34","date":"h\u00e1 17 anos"},"chapeu":"","source":""},"_links":{"self":[{"href":"https:\/\/portalv1.com.br\/api\/wp\/v2\/posts\/741","targetHints":{"allow":["GET"]}}],"collection":[{"href":"https:\/\/portalv1.com.br\/api\/wp\/v2\/posts"}],"about":[{"href":"https:\/\/portalv1.com.br\/api\/wp\/v2\/types\/post"}],"author":[{"embeddable":true,"href":"https:\/\/portalv1.com.br\/api\/wp\/v2\/users\/2"}],"replies":[{"embeddable":true,"href":"https:\/\/portalv1.com.br\/api\/wp\/v2\/comments?post=741"}],"version-history":[{"count":0,"href":"https:\/\/portalv1.com.br\/api\/wp\/v2\/posts\/741\/revisions"}],"wp:attachment":[{"href":"https:\/\/portalv1.com.br\/api\/wp\/v2\/media?parent=741"}],"wp:term":[{"taxonomy":"category","embeddable":true,"href":"https:\/\/portalv1.com.br\/api\/wp\/v2\/categories?post=741"},{"taxonomy":"post_tag","embeddable":true,"href":"https:\/\/portalv1.com.br\/api\/wp\/v2\/tags?post=741"}],"curies":[{"name":"wp","href":"https:\/\/api.w.org\/{rel}","templated":true}]}}