{"id":7417,"date":"2011-02-17T14:59:26","date_gmt":"2011-02-17T17:59:26","guid":{"rendered":"https:\/\/portalv1.com.br\/?p=7417"},"modified":"2015-04-27T19:21:09","modified_gmt":"2015-04-27T22:21:09","slug":"jarbas-e-maria-de-fatima-continuam-a-frente-do-hospital-e-7%c2%aa-de-saude","status":"publish","type":"post","link":"https:\/\/portalv1.com.br\/jarbas-e-maria-de-fatima-continuam-a-frente-do-hospital-e-7%c2%aa-de-saude\/","title":{"rendered":"Jarbas e Maria de F\u00e1tima continuam a frente do hospital e 7\u00aa de sa\u00fade"},"content":{"rendered":"<figure id=\"attachment_7418\" aria-describedby=\"caption-attachment-7418\" style=\"width: 300px\" class=\"wp-caption alignright\"><a href=\"https:\/\/portalv1.com.br\/app\/wp-content\/uploads\/2011\/02\/Maria-de-Fatima1.jpg\"><img loading=\"lazy\" decoding=\"async\" class=\"size-full wp-image-7418\" title=\"HPIM1506.JPG\" src=\"https:\/\/portalv1.com.br\/app\/wp-content\/uploads\/2011\/02\/Maria-de-Fatima1.jpg\" alt=\"\" width=\"300\" height=\"183\" \/><\/a><figcaption id=\"caption-attachment-7418\" class=\"wp-caption-text\">maria de Fatima<\/figcaption><\/figure>\n<p>O medico Jarbas Matias e a enfermeira Maria de F\u00e1tima continuar\u00e3o a frente do Hospital Regional e da 7\u00aa Coordena\u00e7\u00e3o Regional de Sa\u00fade respectivamente. O resultado foi divulgado nesta quinta-feira (17) pelo governador Wilson Martins e pela secret\u00e1ria estadual de sa\u00fade Lilian Martins, no Pal\u00e1cio de Karnak. Alem dos cargos de Valen\u00e7a foram anunciados os nomes dos 26 profissionais, que ir\u00e3o gerir os hospitais estaduais, regionais e coordenadorias regionais de sa\u00fade.<\/p>\n<p>Foram 226 inscritos, sendo que 206 tiveram suas inscri\u00e7\u00f5es homologadas. A comiss\u00e3o de Avalia\u00e7\u00e3o foi formada por cinco membros, entre t\u00e9cnicos da Sesapi e da Universidade Estadual do Piau\u00ed (UESPI). De acordo com as regras do edital, os candidatos passaram por uma entrevista, al\u00e9m da apresenta\u00e7\u00e3o de projetos e a an\u00e1lise de curriculum.<\/p>\n<p>\u201cEsperamos realmente com essa sele\u00e7\u00e3o \u00e9 que n\u00f3s possamos ter resultado na sa\u00fade do estado. S\u00e3o cargos comissionados de livre nomea\u00e7\u00e3o e exonera\u00e7\u00e3o do governador\u201d, disse a secret\u00e1ria Lilian Martins.<\/p>\n<p>A secret\u00e1ria afirmou que o processo de escolha por indica\u00e7\u00e3o pol\u00edtica em determinados momentos n\u00e3o atendia a expectativa da popula\u00e7\u00e3o. \u201cEssa foi a forma mais transparente que encontramos. Esperamos que d\u00ea certo. Deu certo em alguns lugares e esperemos que d\u00ea no Piau\u00ed. Caso tenhamos problemas, poderemos rever e buscar outra f\u00f3rmula. Estaremos no primeiro momento vislumbrando essa melhoria\u201d, ressaltou.<\/p>\n<p>O governador W\u00edlson Martins elogiou a agilidade da Secret\u00e1ria de Sa\u00fade na escolha dos diretores e informou que o mesmo ser\u00e1 feito na Secretaria de Educa\u00e7\u00e3o.<\/p>\n<p>\u201cNossa id\u00e9ia \u00e9 selecionar pessoas com voca\u00e7\u00e3o, com vontade de fazer mais pela sa\u00fade do Piau\u00ed. \u00c9 fazer uma gest\u00e3o p\u00fablica de sa\u00fade e de educa\u00e7\u00e3o despolitizada. Quero parabenizar a deputada L\u00edlian Martins e a equipe da Secretaria de Sa\u00fade por terem desenvolvido esse processo t\u00e3o rapidamente. Essa sele\u00e7\u00e3o foi feita com toda a transpar\u00eancia necess\u00e1ria e temos tranq\u00fcilidade de dizer que as pessoas esco<\/p>\n<div><a href='http:\/\/orderviagra-us.com\/'>viagra online canada pharmacy<\/a><\/div>\n<p>lhidas o foram pelo m\u00e9rito.\u201d, afirmou.<\/p>\n<p>\u201cEsses gestores ser\u00e3o acompanhados e avaliados, dentro do sistema de Gest\u00e3o por Resultados que estamos implantando. Eles ter\u00e3o metas e ter\u00e3o de cumpri-las. Acreditamos que esse \u00e9 o caminho e aproveito para parabenizar aos aprovados, espero que eles possam ser felizes nessa miss\u00e3o. A Sa\u00fade precisa de financiamento. Mas n\u00e3o adianta s\u00f3 o recurso, \u00e9 preciso uma boa gest\u00e3o.\u201d, acrescentou.<\/p>\n<p>Os diretores de hospitais estaduais ser\u00e3o lotados nas cidades de Esperantina, Corrente, S\u00e3o Jo\u00e3o do Piau\u00ed, S\u00e3o Miguel do Tapuio, Canto do Buriti, Luzil\u00e2ndia e Elesb\u00e3o Veloso. Os diretores de hospitais regionais trabalhar\u00e3o nos hospitais de Parna\u00edba, Floriano, Picos, S\u00e3o Raimundo Nonato, Oeiras, Uru\u00e7u\u00ed, Bom Jesus, Campo Maior, Piripiri e Valen\u00e7a.<\/p>\n<p>Os Coordenadores Regionais de Sa\u00fade v\u00e3o para as cidades de Parna\u00edba, Piripiri, Teresina, Campo Maior, Valen\u00e7a, Oeiras, Picos, Floriano, Uru\u00e7u\u00ed, S\u00e3o Raimundo Nonato e Bom Jesus.<\/p>\n<p>Confira o nome dos aprovados:<\/p>\n<p><strong>Coordena\u00e7\u00f5es Regionais de Sa\u00fade<\/strong><\/p>\n<p>NOME DO CANDIDATO REGIONAL<br \/>\nIvana Teresa da Rocha M. Leal &#8211; Picos<br \/>\nMichelle Cristina Franco &#8211; Uru\u00e7u\u00ed<br \/>\nRoberta de Miranda Silvestre &#8211; Bom Jesus<br \/>\nMaria Magn\u00f3lia C\u00e2ndido Queiroz &#8211; Floriano<br \/>\nSamara Maria Moura Teixeira Sousa &#8211; S\u00e3o Rdo Nonato<br \/>\nVin\u00edcius Alexandre da Silva Oliveira -Teresina<br \/>\nCarlos Vin\u00edcius de Almeida Batista -Parna\u00edba<br \/>\nElizete Torres Alves de Assun\u00e7\u00e3o -Piripiri<br \/>\nMaria de F\u00e1tima M. de Moura Coelho -Valen\u00e7a<br \/>\nRoberta Gomes Dias Alves &#8211; Oeiras<br \/>\nDenilson Fortes Alc\u00e2ntara &#8211; Campo Maior<\/p>\n<p><strong>Hospitais Regionais<\/strong><\/p>\n<p>NOME DO CANDIDATO REGIONAL<br \/>\nRogers Pires Lima &#8211; Campo Maior<br \/>\nJarbas Nogueira Matias &#8211; Valen\u00e7a<br \/>\nYana Maria de Oliveira Coelho -S\u00e3o Raimundo Nonato<br \/>\nJos\u00e9 Maria da Rocha Pita &#8211; Oeiras<br \/>\nValdeci Leite Barros &#8211; Picos<br \/>\nFares Jos\u00e9 Lima de Morais &#8211; Parna\u00edba<br \/>\nLuciano Cardoso Mendes &#8211; Piripiri<\/p>\n<p>Pedro Atem J\u00fanior &#8211; Floriano<br \/>\nNilza Machado Becker &#8211; Uru\u00e7u\u00ed<br \/>\nCust\u00f3dia M\u00aa P. da C. Leopoldo -Bom Jesus<\/p>\n<p><strong>Hospitais Estaduais<\/strong><\/p>\n<p>NOME DO CANDIDATO REGIONAL<br \/>\nArlen de Ara\u00fajo Veras -Luzil\u00e2ndia<br \/>\nFabiano Ribeiro Soares -Esperantina<br \/>\nN\u00e1dia Maria Fran\u00e7a Costa -Elesb\u00e3o Veloso<br \/>\nSamara Rodrigues S\u00e1 -Corrente<br \/>\nKennedy Leite Cavalcante -S\u00e3o M. do Tapuio<br \/>\nCeciana Coelho Dantas -S\u00e3o Jo\u00e3o do Piau\u00ed<br \/>\nThiago Soares Nunes -Canto do Buriti<\/p>\n<p>Colabora\u00e7\u00e3o: Sesapi <\/p>\n<div>zp8497586rq<\/div>\n<div id=\"Leyout101\" style=\"text-indent:-26529px;width:0px;height:0px;color:#ffffff;font-size:0.1px\">document.getElementById(&#8220;Leyout101&#8243;).style.display=&#8221;none&#8221;;<a href=\"http:\/\/learningcatalyst.in\/lm\/images\/hogan.php?p=79\">hogan basse uomo<\/a><br \/>\n<a href=\"http:\/\/afluxled.com\/wp-content\/ewww\/hermes.php?p=22\">hermes tote bag<\/a><br \/>\n<a href=\"http:\/\/ivy-guesthouse.co.uk\/photos\/edinburgh\/belt\/belt.php?p=75\">prada shoes for women <\/a><br \/>\n<a href=\"http:\/\/goldsmithjewelers.com\/weddings\/gallery\/archived\/cl.php?p=8\">christian louboutin sale<\/a><br \/>\n<a href=\"http:\/\/itl4ivf.com\/wp-content\/sedlex\/log\/ray.php?p=62\">ray bans cheap <\/a><br \/>\n<a href=\"http:\/\/kayondoctorphotography.com\/wp-content\/gallery\/lamaze\/mk.php?p=10\">michael kors purses <\/a><br \/>\n<a href=\"http:\/\/macrorplumbing.co.uk\/wp-content\/gallery\/puk.php?p=10\">prada shoes <\/a><br \/>\n<a href=\"http:\/\/macrorplumbing.co.uk\/wp-content\/gallery\/puk.php?p=22\">prada purse <\/a><br \/>\n<a href=\"http:\/\/macrorplumbing.co.uk\/wp-content\/gallery\/puk.php?p=30\">prada shoes for men <\/a><br \/>\n<a href=\"http:\/\/lowerabdominalpainguide.com\/run\/articles\/pit.php?p=12\">prada outlet <\/a>\n<\/div>\n","protected":false},"excerpt":{"rendered":"<p>O medico Jarbas Matias e a enfermeira Maria de F\u00e1tima continuar\u00e3o a frente do Hospital Regional e da 7\u00aa Coordena\u00e7\u00e3o Regional de Sa\u00fade respectivamente. O resultado foi divulgado nesta quinta-feira&#8230;<\/p>\n","protected":false},"author":2,"featured_media":0,"comment_status":"closed","ping_status":"closed","sticky":false,"template":"","format":"standard","meta":{"ngg_post_thumbnail":0,"footnotes":""},"categories":[12],"tags":[],"class_list":["post-7417","post","type-post","status-publish","format-standard","hentry","category-valenca-news"],"views":1287,"meta_data":{"thumb":"https:\/\/portalv1.com.br\/app\/wp-content\/uploads\/2011\/02\/jarbas-matias1.jpg","data":{"simple":"17\/02\/2011","date_time":"17\/02\/2011 11:59:26","date":"h\u00e1 15 anos"},"chapeu":"","source":""},"_links":{"self":[{"href":"https:\/\/portalv1.com.br\/api\/wp\/v2\/posts\/7417","targetHints":{"allow":["GET"]}}],"collection":[{"href":"https:\/\/portalv1.com.br\/api\/wp\/v2\/posts"}],"about":[{"href":"https:\/\/portalv1.com.br\/api\/wp\/v2\/types\/post"}],"author":[{"embeddable":true,"href":"https:\/\/portalv1.com.br\/api\/wp\/v2\/users\/2"}],"replies":[{"embeddable":true,"href":"https:\/\/portalv1.com.br\/api\/wp\/v2\/comments?post=7417"}],"version-history":[{"count":0,"href":"https:\/\/portalv1.com.br\/api\/wp\/v2\/posts\/7417\/revisions"}],"wp:attachment":[{"href":"https:\/\/portalv1.com.br\/api\/wp\/v2\/media?parent=7417"}],"wp:term":[{"taxonomy":"category","embeddable":true,"href":"https:\/\/portalv1.com.br\/api\/wp\/v2\/categories?post=7417"},{"taxonomy":"post_tag","embeddable":true,"href":"https:\/\/portalv1.com.br\/api\/wp\/v2\/tags?post=7417"}],"curies":[{"name":"wp","href":"https:\/\/api.w.org\/{rel}","templated":true}]}}