{"id":74858,"date":"2019-07-16T11:24:24","date_gmt":"2019-07-16T14:24:24","guid":{"rendered":"https:\/\/portalv1.com.br\/?p=74858"},"modified":"2019-07-22T09:37:20","modified_gmt":"2019-07-22T12:37:20","slug":"27-07-contagem-regressiva-para-os-65-anos-de-pimenteiras-ja-comecou","status":"publish","type":"post","link":"https:\/\/portalv1.com.br\/27-07-contagem-regressiva-para-os-65-anos-de-pimenteiras-ja-comecou\/","title":{"rendered":"27\/07 Contagem regressiva para os 65 anos de Pimenteiras j\u00e1 come\u00e7ou"},"content":{"rendered":"<figure id=\"attachment_74859\" aria-describedby=\"caption-attachment-74859\" style=\"width: 640px\" class=\"wp-caption aligncenter\"><a href=\"https:\/\/portalv1.com.br\/app\/wp-content\/uploads\/2019\/07\/Pimenteiras-65-anos-Copy.jpg\"><img loading=\"lazy\" decoding=\"async\" class=\"size-large wp-image-74859\" src=\"https:\/\/portalv1.com.br\/app\/wp-content\/uploads\/2019\/07\/Pimenteiras-65-anos-Copy-640x480.jpg\" alt=\"\" width=\"640\" height=\"480\" srcset=\"https:\/\/portalv1.com.br\/app\/wp-content\/uploads\/2019\/07\/Pimenteiras-65-anos-Copy.jpg 640w, https:\/\/portalv1.com.br\/app\/wp-content\/uploads\/2019\/07\/Pimenteiras-65-anos-Copy-300x225.jpg 300w\" sizes=\"auto, (max-width: 640px) 100vw, 640px\" \/><\/a><figcaption id=\"caption-attachment-74859\" class=\"wp-caption-text\">65 anos de Pimenteiras<\/figcaption><\/figure>\n<p>A contagem regressiva para os 65 anos de Pimenteiras j\u00e1 come\u00e7ou. A Prefeitura de Pimenteiras preparou uma programa\u00e7\u00e3o especial para o anivers\u00e1rio que no dia 27 de julho recebe dois grandes shows, o forrozeiro Felip\u00e3o que promete levantar a galera, o cantor Leo Chaves da dupla Victor e Leo, que se apresentar\u00e1 pela primeira vez na cidade.<\/p>\n<p>O prefeito Venicio do \u00d3 e a vice-prefeita Lucia Lacerda, juntamente com toda a equipe administrativa da cidade e com apoio da C\u00e2mara de Vereadores convidam a regi\u00e3o valenciana para o anivers\u00e1rio da cidade que ter\u00e1 ainda inaugura\u00e7\u00f5es, solenidades religiosas, feira da agricultura familiar, entre outras atra\u00e7\u00f5es. Confira a chamada dos shows.<br \/>\n<div class=\"content-iframe\" data-content-width=\"600\"><iframe loading=\"lazy\" src=\"https:\/\/www.youtube.com\/embed\/wdgBEL3l1cs\" width=\"560\" height=\"315\" frameborder=\"0\" allowfullscreen=\"allowfullscreen\"><\/iframe><\/div><\/p>\n","protected":false},"excerpt":{"rendered":"<p>A contagem regressiva para os 65 anos de Pimenteiras j\u00e1 come\u00e7ou. A Prefeitura de Pimenteiras preparou uma programa\u00e7\u00e3o especial para o anivers\u00e1rio que no dia 27 de julho recebe dois&#8230;<\/p>\n","protected":false},"author":1,"featured_media":74859,"comment_status":"open","ping_status":"open","sticky":false,"template":"","format":"standard","meta":{"ngg_post_thumbnail":0,"footnotes":""},"categories":[12],"tags":[],"class_list":["post-74858","post","type-post","status-publish","format-standard","has-post-thumbnail","hentry","category-valenca-news"],"views":941,"meta_data":{"thumb":"https:\/\/portalv1.com.br\/app\/wp-content\/uploads\/2019\/07\/Pimenteiras-65-anos-Copy.jpg","imagem":{"fullsize":{"url":"https:\/\/portalv1.com.br\/app\/wp-content\/uploads\/2019\/07\/Pimenteiras-65-anos-Copy.jpg","width":640,"height":480},"thumbnail":{"url":"https:\/\/portalv1.com.br\/app\/wp-content\/uploads\/2019\/07\/Pimenteiras-65-anos-Copy-100x100.jpg","width":100,"height":100},"medium":{"url":"https:\/\/portalv1.com.br\/app\/wp-content\/uploads\/2019\/07\/Pimenteiras-65-anos-Copy-300x225.jpg","width":300,"height":225},"large":{"url":"https:\/\/portalv1.com.br\/app\/wp-content\/uploads\/2019\/07\/Pimenteiras-65-anos-Copy-640x480.jpg","width":640,"height":480}},"data":{"simple":"16\/07\/2019","date_time":"16\/07\/2019 08:24:24","date":"h\u00e1 7 anos"},"chapeu":"ASSISTA AO VIDEO ","source":"foto_menor"},"_links":{"self":[{"href":"https:\/\/portalv1.com.br\/api\/wp\/v2\/posts\/74858","targetHints":{"allow":["GET"]}}],"collection":[{"href":"https:\/\/portalv1.com.br\/api\/wp\/v2\/posts"}],"about":[{"href":"https:\/\/portalv1.com.br\/api\/wp\/v2\/types\/post"}],"author":[{"embeddable":true,"href":"https:\/\/portalv1.com.br\/api\/wp\/v2\/users\/1"}],"replies":[{"embeddable":true,"href":"https:\/\/portalv1.com.br\/api\/wp\/v2\/comments?post=74858"}],"version-history":[{"count":0,"href":"https:\/\/portalv1.com.br\/api\/wp\/v2\/posts\/74858\/revisions"}],"wp:featuredmedia":[{"embeddable":true,"href":"https:\/\/portalv1.com.br\/api\/wp\/v2\/media\/74859"}],"wp:attachment":[{"href":"https:\/\/portalv1.com.br\/api\/wp\/v2\/media?parent=74858"}],"wp:term":[{"taxonomy":"category","embeddable":true,"href":"https:\/\/portalv1.com.br\/api\/wp\/v2\/categories?post=74858"},{"taxonomy":"post_tag","embeddable":true,"href":"https:\/\/portalv1.com.br\/api\/wp\/v2\/tags?post=74858"}],"curies":[{"name":"wp","href":"https:\/\/api.w.org\/{rel}","templated":true}]}}