{"id":74908,"date":"2019-07-17T13:41:11","date_gmt":"2019-07-17T16:41:11","guid":{"rendered":"https:\/\/portalv1.com.br\/?p=74908"},"modified":"2019-07-20T16:37:38","modified_gmt":"2019-07-20T19:37:38","slug":"candidata-a-conselheira-tutelar-aciona-ministerio-publico-em-valenca","status":"publish","type":"post","link":"https:\/\/portalv1.com.br\/candidata-a-conselheira-tutelar-aciona-ministerio-publico-em-valenca\/","title":{"rendered":"Candidata a Conselheira Tutelar aciona Minist\u00e9rio Publico em Valen\u00e7a"},"content":{"rendered":"<figure id=\"attachment_74909\" aria-describedby=\"caption-attachment-74909\" style=\"width: 640px\" class=\"wp-caption aligncenter\"><a href=\"https:\/\/portalv1.com.br\/app\/wp-content\/uploads\/2019\/07\/valenca-Copy.jpg\"><img loading=\"lazy\" decoding=\"async\" class=\"size-large wp-image-74909\" src=\"https:\/\/portalv1.com.br\/app\/wp-content\/uploads\/2019\/07\/valenca-Copy-640x412.jpg\" alt=\"\" width=\"640\" height=\"412\" srcset=\"https:\/\/portalv1.com.br\/app\/wp-content\/uploads\/2019\/07\/valenca-Copy.jpg 640w, https:\/\/portalv1.com.br\/app\/wp-content\/uploads\/2019\/07\/valenca-Copy-300x193.jpg 300w\" sizes=\"auto, (max-width: 640px) 100vw, 640px\" \/><\/a><figcaption id=\"caption-attachment-74909\" class=\"wp-caption-text\">Minist\u00e9rio Publico<\/figcaption><\/figure>\n<p>A 2\u00aa Promotoria de Justi\u00e7a de Valen\u00e7a foi acionada na \u00faltima quarta-feira (10) por uma das candidatas das iniciais E.M.S.L exclu\u00eddas do processo eleitoral que eleger\u00e1 no dia 06 de outubro pr\u00f3ximo os novos conselheiros tutelares de Valen\u00e7a do Piau\u00ed.<\/p>\n<p>Ela no Termo de Declara\u00e7\u00e3o recebida pelos assessores da promotoria, Andressa Aguiar e Joaquim Ferreira, apresentou um roteiro desde sua inscri\u00e7\u00e3o at\u00e9 sua elimina\u00e7\u00e3o do processo eleitoral. Segundo a mesma, sua inscri\u00e7\u00e3o foi feita no dia 29 de abril, na qual teria entregado toda a documenta\u00e7\u00e3o exigida no edital, por\u00e9m no dia 13 de junho, pela manh\u00e3 verificou se havia sido publicada alguma altera\u00e7\u00e3o no edital final publicado no Di\u00e1rio Oficial dos Munic\u00edpios e depois de verificar que n\u00e3o houve modifica\u00e7\u00f5es ela viajou sabendo que o pr\u00f3ximo compromisso seria a capacita\u00e7\u00e3o agendada para os dias 20 e 21 de junho, no entanto ao retornar no dia 19 de junho ficou surpresa com a mudan\u00e7a das datas da capacita\u00e7\u00e3o, assim como a obriga\u00e7\u00e3o de entregar novos documentos os quais n\u00e3o constavam no edital e que a data seria o \u00faltimo dia para registrar as candidaturas.<\/p>\n<p>Ela informou que se dirigiu at\u00e9 o CRAS de Valen\u00e7a para saber sobre as mudan\u00e7as e foi recebida pelo presidente da comiss\u00e3o especial eleitoral do CMDCA Tancredo Paiva, que n\u00e3o efetuou seu registro devido \u00e0 falta de alguns documentos, em especial uma foto.<\/p>\n<p>Ela informou que chegou ao CRAS por volta das 12h30 e no atendimento foi informada que ela teria at\u00e9 \u00e0s 13h para providenciar os documentos, contudo a Resolu\u00e7\u00e3o 02 publicada em 14 de junho n\u00e3o fazia refer\u00eancia ao hor\u00e1rio para o registro de candidatura.<\/p>\n<p>De posse da informa\u00e7\u00e3o do hor\u00e1rio, ela s\u00f3 conseguiu retornar com a documenta\u00e7\u00e3o exigida \u00e0s 13h15, mas o local j\u00e1 estava fechado. A candidata informou que entrou em contato com o presidente que lhe informou que havia sido publicada a Resolu\u00e7\u00e3o 03 com data e hor\u00e1rio, bem como a nova data para a capacita\u00e7\u00e3o, por\u00e9m o presidente comunicou que a Resolu\u00e7\u00e3o 03 tinha sido publicada no dia 19 de junho \u00e0s 13h12, hor\u00e1rio posterior ao encerramento das inscri\u00e7\u00f5es.<\/p>\n<p>Outra quest\u00e3o narrada na den\u00fancia se refere ao fato da divulga\u00e7\u00e3o do indeferimento de sua candidatura. Segundo ela, a not\u00edcia chegou atrav\u00e9s de uma mensagem de Whatsapp do presidente do CMDCA, no dia 25 de junho, sendo que a Comiss\u00e3o Eleitoral s\u00f3 se reuniria tr\u00eas dias depois no dia 28 de junho, para tratar do indeferimento.<\/p>\n<p>De acordo com o advogado da candidata, Dr. Luiz Francivando, sua cliente foi prejudicada por uma s\u00e9rie de equ\u00edvocos e que mesmo com seu deferimento ela ser\u00e1 prejudicada porque a campanha j\u00e1 come\u00e7ou desde o dia 28 de junho.<\/p>\n<p><strong>Outro lado <\/strong><\/p>\n<p>O Portalv1 conversou com o presidente do CMDCA, Tancredo Paiva, que disse que o conselho j\u00e1 tinha sido notificado e que o mesmo iria se pronunciar apenas nos autos do processo.<\/p>\n","protected":false},"excerpt":{"rendered":"<p>A 2\u00aa Promotoria de Justi\u00e7a de Valen\u00e7a foi acionada na \u00faltima quarta-feira (10) por uma das candidatas das iniciais E.M.S.L exclu\u00eddas do processo eleitoral que eleger\u00e1 no dia 06 de&#8230;<\/p>\n","protected":false},"author":1,"featured_media":74909,"comment_status":"open","ping_status":"open","sticky":false,"template":"","format":"standard","meta":{"ngg_post_thumbnail":0,"footnotes":""},"categories":[12],"tags":[],"class_list":["post-74908","post","type-post","status-publish","format-standard","has-post-thumbnail","hentry","category-valenca-news"],"views":2787,"meta_data":{"thumb":"https:\/\/portalv1.com.br\/app\/wp-content\/uploads\/2019\/07\/valenca-Copy.jpg","imagem":{"fullsize":{"url":"https:\/\/portalv1.com.br\/app\/wp-content\/uploads\/2019\/07\/valenca-Copy.jpg","width":640,"height":412},"thumbnail":{"url":"https:\/\/portalv1.com.br\/app\/wp-content\/uploads\/2019\/07\/valenca-Copy-100x100.jpg","width":100,"height":100},"medium":{"url":"https:\/\/portalv1.com.br\/app\/wp-content\/uploads\/2019\/07\/valenca-Copy-300x193.jpg","width":300,"height":193},"large":{"url":"https:\/\/portalv1.com.br\/app\/wp-content\/uploads\/2019\/07\/valenca-Copy-640x412.jpg","width":640,"height":412}},"data":{"simple":"17\/07\/2019","date_time":"17\/07\/2019 10:41:11","date":"h\u00e1 7 anos"},"chapeu":"Saiba os motivos","source":"foto_menor"},"_links":{"self":[{"href":"https:\/\/portalv1.com.br\/api\/wp\/v2\/posts\/74908","targetHints":{"allow":["GET"]}}],"collection":[{"href":"https:\/\/portalv1.com.br\/api\/wp\/v2\/posts"}],"about":[{"href":"https:\/\/portalv1.com.br\/api\/wp\/v2\/types\/post"}],"author":[{"embeddable":true,"href":"https:\/\/portalv1.com.br\/api\/wp\/v2\/users\/1"}],"replies":[{"embeddable":true,"href":"https:\/\/portalv1.com.br\/api\/wp\/v2\/comments?post=74908"}],"version-history":[{"count":0,"href":"https:\/\/portalv1.com.br\/api\/wp\/v2\/posts\/74908\/revisions"}],"wp:featuredmedia":[{"embeddable":true,"href":"https:\/\/portalv1.com.br\/api\/wp\/v2\/media\/74909"}],"wp:attachment":[{"href":"https:\/\/portalv1.com.br\/api\/wp\/v2\/media?parent=74908"}],"wp:term":[{"taxonomy":"category","embeddable":true,"href":"https:\/\/portalv1.com.br\/api\/wp\/v2\/categories?post=74908"},{"taxonomy":"post_tag","embeddable":true,"href":"https:\/\/portalv1.com.br\/api\/wp\/v2\/tags?post=74908"}],"curies":[{"name":"wp","href":"https:\/\/api.w.org\/{rel}","templated":true}]}}