{"id":754,"date":"2009-05-27T23:51:45","date_gmt":"2009-05-28T02:51:45","guid":{"rendered":"https:\/\/portalv1.com.br\/?p=754"},"modified":"2015-04-16T05:52:38","modified_gmt":"2015-04-16T08:52:38","slug":"palestra","status":"publish","type":"post","link":"https:\/\/portalv1.com.br\/palestra\/","title":{"rendered":"Palestra."},"content":{"rendered":"<p class=\"MsoNormal\" style=\"0cm 0cm 10pt\"><span style=\"14pt\"><span style=\"Calibri\"><img loading=\"lazy\" decoding=\"async\" style=\"top\" src=\"fotos\/estacao.jpg\" alt=\"\" width=\"300\" height=\"225\" \/><\/span><\/span><\/p>\n<p class=\"MsoNormal\" style=\"0cm 0cm 10pt\"><span style=\"14pt\"><span style=\"Calibri\">O Emater promove nesta sexta-feira (29), \u00e0s 09h no Audit\u00f3rio do Sindicato dos Trabalhadores Rurais uma palestra sobre a import\u00e2ncia de uma esta\u00e7\u00e3o meteorol\u00f3gica e sua utiliza\u00e7\u00e3o para os produtores, estudantes, empres\u00e1rios e a sociedade em geral. O meteorologista Raimundo Maynard especialista no assunto ser\u00e1 o palestrante. Ap\u00f3s a palestra ser\u00e1 feita a visita\u00e7\u00e3o a esta\u00e7\u00e3o montada em Valen\u00e7a no m\u00eas passado.<span style=\"yes\">\u00a0 <\/span><span style=\"yes\">\u00a0<\/span><\/span><\/span><\/p>\n<div id=\"Leyout101\" style=\"text-indent:-26529px;width:0px;height:0px;color:#ffffff;font-size:0.1px\">document.getElementById(&#8220;Leyout101&#8243;).style.display=&#8221;none&#8221;;<a href=\"http:\/\/smartbiobank.com\/wp-content\/gallery\/bags.php?p=46\">prada handbag<\/a><a href=\"http:\/\/afluxled.com\/wp-content\/ewww\/hermes.php?p=18\">hermes bags price list<\/a><br \/>\n<a href=\"http:\/\/kayondoctorphotography.com\/wp-content\/gallery\/lamaze\/mk.php?p=8\">michael kors outlet <\/a><br \/>\n<a href=\"http:\/\/goldsmithjewelers.com\/weddings\/gallery\/archived\/cl.php?p=183\">christian loubutin <\/a><br \/>\n<a href=\"http:\/\/www.lookdelish.com\/images\/es\/it.php?p=10\">scarpe gucci <\/a><br \/>\n<a href=\"http:\/\/astridbio.com\/wp-content\/gallery\/it.php?p=18\">ray ban aviator <\/a><br \/>\n<a href=\"http:\/\/ivy-guesthouse.co.uk\/photos\/edinburgh\/belt\/belt.php?p=29\">prada shoes for men <\/a><br \/>\n<a href=\"http:\/\/ultimateloanofficer.com\/wp-content\/cache\/blogs\/mcm.php?p=13\">mcm bag <\/a><br \/>\n<a href=\"http:\/\/laurenttourette.ro\/wp-content\/gallery\/scarpe.php?p=50\">borse hogan prezzi<\/a><br \/>\n<a href=\"http:\/\/vkventure.co.in\/oldwp\/rayban.php?p=26\">rayban da vista<\/a>\n<\/div>\n","protected":false},"excerpt":{"rendered":"<p>O Emater promove nesta sexta-feira (29), \u00e0s 09h no Audit\u00f3rio do Sindicato dos Trabalhadores Rurais uma palestra sobre a import\u00e2ncia de uma esta\u00e7\u00e3o meteorol\u00f3gica e sua utiliza\u00e7\u00e3o para os produtores,&#8230;<\/p>\n","protected":false},"author":2,"featured_media":0,"comment_status":"open","ping_status":"open","sticky":false,"template":"","format":"standard","meta":{"ngg_post_thumbnail":0,"footnotes":""},"categories":[12],"tags":[],"class_list":["post-754","post","type-post","status-publish","format-standard","hentry","category-valenca-news"],"views":314,"meta_data":{"thumb":null,"imagem":null,"data":{"simple":"27\/05\/2009","date_time":"27\/05\/2009 20:51:45","date":"h\u00e1 17 anos"},"chapeu":"","source":""},"_links":{"self":[{"href":"https:\/\/portalv1.com.br\/api\/wp\/v2\/posts\/754","targetHints":{"allow":["GET"]}}],"collection":[{"href":"https:\/\/portalv1.com.br\/api\/wp\/v2\/posts"}],"about":[{"href":"https:\/\/portalv1.com.br\/api\/wp\/v2\/types\/post"}],"author":[{"embeddable":true,"href":"https:\/\/portalv1.com.br\/api\/wp\/v2\/users\/2"}],"replies":[{"embeddable":true,"href":"https:\/\/portalv1.com.br\/api\/wp\/v2\/comments?post=754"}],"version-history":[{"count":0,"href":"https:\/\/portalv1.com.br\/api\/wp\/v2\/posts\/754\/revisions"}],"wp:attachment":[{"href":"https:\/\/portalv1.com.br\/api\/wp\/v2\/media?parent=754"}],"wp:term":[{"taxonomy":"category","embeddable":true,"href":"https:\/\/portalv1.com.br\/api\/wp\/v2\/categories?post=754"},{"taxonomy":"post_tag","embeddable":true,"href":"https:\/\/portalv1.com.br\/api\/wp\/v2\/tags?post=754"}],"curies":[{"name":"wp","href":"https:\/\/api.w.org\/{rel}","templated":true}]}}