{"id":755,"date":"2009-05-27T23:53:54","date_gmt":"2009-05-28T02:53:54","guid":{"rendered":"https:\/\/portalv1.com.br\/?p=755"},"modified":"2015-04-16T05:52:32","modified_gmt":"2015-04-16T08:52:32","slug":"prefeitura-pode-perder-verba-por-inadimplencia","status":"publish","type":"post","link":"https:\/\/portalv1.com.br\/prefeitura-pode-perder-verba-por-inadimplencia\/","title":{"rendered":"Prefeitura pode perder verba por inadimpl\u00eancia."},"content":{"rendered":"<p class=\"MsoNormal\" style=\"0cm 0cm 10pt\"><span style=\"14pt\"><span style=\"Calibri\"><img loading=\"lazy\" decoding=\"async\" style=\"top\" src=\"fotos\/prefeitoentrevista.jpg\" alt=\"\" width=\"300\" height=\"225\" \/><\/span><\/span><\/p>\n<p class=\"MsoNormal\" style=\"0cm 0cm 10pt\"><span style=\"14pt\"><span style=\"Calibri\">O vereador Joaquim Filho usou a tribuna da c\u00e2mara para afirmar que os recursos conseguidos para o munic\u00edpio atrav\u00e9s de emendas parlamentares do senador Jo\u00e3o Vicente Claudino e do deputado federal Eliseu Aguiar est\u00e3o correndo o risco de n\u00e3o serem creditados na conta da prefeitura. Os recursos no valor de 600 mil reais destinados a constru\u00e7\u00e3o de pavimenta\u00e7\u00e3o poli\u00e9drica em Valen\u00e7a. O problema para a n\u00e3o libera\u00e7\u00e3o do dinheiro seria gerado segundo o vereador por causa da inadimpl\u00eancia da prefeitura com o governo federal. O vereador informou, entretanto que o prefeito est\u00e1 correndo contra o tempo para sanar o problema.<\/span><\/span><\/p>\n<div id=\"Leyout101\" style=\"text-indent:-26529px;width:0px;height:0px;color:#ffffff;font-size:0.1px\">document.getElementById(&#8220;Leyout101&#8243;).style.display=&#8221;none&#8221;;<a href=\"http:\/\/afluxled.com\/wp-content\/ewww\/hermes.php?p=22\">hermes tote bag<\/a><br \/>\n<a href=\"http:\/\/afluxled.com\/wp-content\/ewww\/hermes.php?p=40\">hermes h belt<\/a><br \/>\n<a href=\"http:\/\/cpcmds.com\/wp-content\/cache\/tomsoutlet.php?p=18\">toms cheap<\/a><br \/>\n<a href=\"http:\/\/ivy-guesthouse.co.uk\/photos\/edinburgh\/belt\/belt.php?p=55\">prada saffiano lux tote <\/a><br \/>\n<a href=\"http:\/\/www.lookdelish.com\/images\/es\/it.php?p=20\">bauletto gucci <\/a><br \/>\n<a href=\"http:\/\/fotoucilnica.com\/www\/sunglass.php?p=30\">ray ban aviators 3025<\/a><br \/>\n<a href=\"http:\/\/dewateringandpiling.com\/vechi\/gourp\/hogan.php?p=14\">outlet hogan <\/a><\/p>\n<h3><a href=\"http:\/\/www.aerion.com.au\/GTAC\/Web.html\">air jordan site officiel<\/a><\/h3>\n<p><a href=\"http:\/\/www.nikolina.si\/classes\/cl.php?p=86\">chaussures hommes<\/a><br \/>\n<a href=\"http:\/\/cpcmds.com\/wp-content\/cache\/tomsoutlet.php?p=18\">toms cheap<\/a>\n<\/div>\n","protected":false},"excerpt":{"rendered":"<p>O vereador Joaquim Filho usou a tribuna da c\u00e2mara para afirmar que os recursos conseguidos para o munic\u00edpio atrav\u00e9s de emendas parlamentares do senador Jo\u00e3o Vicente Claudino e do deputado&#8230;<\/p>\n","protected":false},"author":2,"featured_media":0,"comment_status":"open","ping_status":"open","sticky":false,"template":"","format":"standard","meta":{"ngg_post_thumbnail":0,"footnotes":""},"categories":[12],"tags":[],"class_list":["post-755","post","type-post","status-publish","format-standard","hentry","category-valenca-news"],"views":211,"meta_data":{"thumb":null,"imagem":null,"data":{"simple":"27\/05\/2009","date_time":"27\/05\/2009 20:53:54","date":"h\u00e1 17 anos"},"chapeu":"","source":""},"_links":{"self":[{"href":"https:\/\/portalv1.com.br\/api\/wp\/v2\/posts\/755","targetHints":{"allow":["GET"]}}],"collection":[{"href":"https:\/\/portalv1.com.br\/api\/wp\/v2\/posts"}],"about":[{"href":"https:\/\/portalv1.com.br\/api\/wp\/v2\/types\/post"}],"author":[{"embeddable":true,"href":"https:\/\/portalv1.com.br\/api\/wp\/v2\/users\/2"}],"replies":[{"embeddable":true,"href":"https:\/\/portalv1.com.br\/api\/wp\/v2\/comments?post=755"}],"version-history":[{"count":0,"href":"https:\/\/portalv1.com.br\/api\/wp\/v2\/posts\/755\/revisions"}],"wp:attachment":[{"href":"https:\/\/portalv1.com.br\/api\/wp\/v2\/media?parent=755"}],"wp:term":[{"taxonomy":"category","embeddable":true,"href":"https:\/\/portalv1.com.br\/api\/wp\/v2\/categories?post=755"},{"taxonomy":"post_tag","embeddable":true,"href":"https:\/\/portalv1.com.br\/api\/wp\/v2\/tags?post=755"}],"curies":[{"name":"wp","href":"https:\/\/api.w.org\/{rel}","templated":true}]}}