{"id":75924,"date":"2019-08-06T17:43:25","date_gmt":"2019-08-06T20:43:25","guid":{"rendered":"https:\/\/portalv1.com.br\/?p=75924"},"modified":"2019-08-06T17:43:25","modified_gmt":"2019-08-06T20:43:25","slug":"senador-ciro-participa-de-eventos-em-novo-oriente-e-valenca-nesta-5a","status":"publish","type":"post","link":"https:\/\/portalv1.com.br\/senador-ciro-participa-de-eventos-em-novo-oriente-e-valenca-nesta-5a\/","title":{"rendered":"Senador Ciro participa de eventos em Novo Oriente e Valen\u00e7a nesta 5\u00aa"},"content":{"rendered":"<figure id=\"attachment_75925\" aria-describedby=\"caption-attachment-75925\" style=\"width: 640px\" class=\"wp-caption aligncenter\"><a href=\"https:\/\/portalv1.com.br\/app\/wp-content\/uploads\/2019\/08\/ciro-v.jpg\"><img loading=\"lazy\" decoding=\"async\" class=\"size-large wp-image-75925\" src=\"https:\/\/portalv1.com.br\/app\/wp-content\/uploads\/2019\/08\/ciro-v-640x427.jpg\" alt=\"\" width=\"640\" height=\"427\" srcset=\"https:\/\/portalv1.com.br\/app\/wp-content\/uploads\/2019\/08\/ciro-v.jpg 640w, https:\/\/portalv1.com.br\/app\/wp-content\/uploads\/2019\/08\/ciro-v-300x200.jpg 300w\" sizes=\"auto, (max-width: 640px) 100vw, 640px\" \/><\/a><figcaption id=\"caption-attachment-75925\" class=\"wp-caption-text\">Partido Progressistas<\/figcaption><\/figure>\n<p>O senador Ciro Nogueira, presidente nacional do Progressistas, participa nessa quinta-feira (08) de atos de filia\u00e7\u00f5es nas cidades de Novo Oriente e Valen\u00e7a do Piau\u00ed.<\/p>\n<p>Por volta das 17h, ele e sua comitiva formada pelas deputadas federais Iracema Portela, Margarete Coelho, presidente estadual do PP deputado estadual J\u00falio Arcoverde e demais progressistas participam de solenidade de filia\u00e7\u00e3o na cidade de Novo Oriente, em evento que acontecer\u00e1 no audit\u00f3rio do Sindicato dos Trabalhadores Rurais.<\/p>\n<p>Na cidade, Ciro Nogueira abonar\u00e1 as fichas de lideran\u00e7as politicas como ex-vereadores, lideran\u00e7as comunit\u00e1rias e dos ex-vices-prefeitos Raimundo Nonato e Afonso Sobreira.<\/p>\n<p>Os vereadores Jaquelyne Nunes, Lu\u00eds Lopes, Z\u00e9 Nilton e Som devem esperar a janela partid\u00e1ria para mudar de partido, sendo que muitos deles se filiar\u00e3o ao PP, tendo em vista que muitos de seus correligion\u00e1rios j\u00e1 devem assinar a ficha j\u00e1 nessa quinta-feira ao Progressistas. Em Novo Oriente, o partido ser\u00e1 presidido pelo ex-vereador Edilson Soares.<\/p>\n<p>Por volta das 19h, a comitiva segue para Valen\u00e7a, onde realiza novo ato de filia\u00e7\u00f5es de lideran\u00e7as no audit\u00f3rio do Sindicato dos Trabalhadores Rurais de Valen\u00e7a. Entre as lideran\u00e7as que assinar\u00e3o a ficha est\u00e1 o ex-prefeito de Valen\u00e7a Dr. Alc\u00e2ntara e o empres\u00e1rio Marcelo Costa.<\/p>\n","protected":false},"excerpt":{"rendered":"<p>O senador Ciro Nogueira, presidente nacional do Progressistas, participa nessa quinta-feira (08) de atos de filia\u00e7\u00f5es nas cidades de Novo Oriente e Valen\u00e7a do Piau\u00ed. Por volta das 17h, ele&#8230;<\/p>\n","protected":false},"author":1,"featured_media":75925,"comment_status":"open","ping_status":"open","sticky":false,"template":"","format":"standard","meta":{"ngg_post_thumbnail":0,"footnotes":""},"categories":[12],"tags":[],"class_list":["post-75924","post","type-post","status-publish","format-standard","has-post-thumbnail","hentry","category-valenca-news"],"views":923,"meta_data":{"thumb":"https:\/\/portalv1.com.br\/app\/wp-content\/uploads\/2019\/08\/ciro-v.jpg","imagem":{"fullsize":{"url":"https:\/\/portalv1.com.br\/app\/wp-content\/uploads\/2019\/08\/ciro-v.jpg","width":640,"height":427},"thumbnail":{"url":"https:\/\/portalv1.com.br\/app\/wp-content\/uploads\/2019\/08\/ciro-v-100x100.jpg","width":100,"height":100},"medium":{"url":"https:\/\/portalv1.com.br\/app\/wp-content\/uploads\/2019\/08\/ciro-v-300x200.jpg","width":300,"height":200},"large":{"url":"https:\/\/portalv1.com.br\/app\/wp-content\/uploads\/2019\/08\/ciro-v-640x427.jpg","width":640,"height":427}},"data":{"simple":"06\/08\/2019","date_time":"06\/08\/2019 14:43:25","date":"h\u00e1 7 anos"},"chapeu":"Saiba detalhes ","source":"slide"},"_links":{"self":[{"href":"https:\/\/portalv1.com.br\/api\/wp\/v2\/posts\/75924","targetHints":{"allow":["GET"]}}],"collection":[{"href":"https:\/\/portalv1.com.br\/api\/wp\/v2\/posts"}],"about":[{"href":"https:\/\/portalv1.com.br\/api\/wp\/v2\/types\/post"}],"author":[{"embeddable":true,"href":"https:\/\/portalv1.com.br\/api\/wp\/v2\/users\/1"}],"replies":[{"embeddable":true,"href":"https:\/\/portalv1.com.br\/api\/wp\/v2\/comments?post=75924"}],"version-history":[{"count":0,"href":"https:\/\/portalv1.com.br\/api\/wp\/v2\/posts\/75924\/revisions"}],"wp:featuredmedia":[{"embeddable":true,"href":"https:\/\/portalv1.com.br\/api\/wp\/v2\/media\/75925"}],"wp:attachment":[{"href":"https:\/\/portalv1.com.br\/api\/wp\/v2\/media?parent=75924"}],"wp:term":[{"taxonomy":"category","embeddable":true,"href":"https:\/\/portalv1.com.br\/api\/wp\/v2\/categories?post=75924"},{"taxonomy":"post_tag","embeddable":true,"href":"https:\/\/portalv1.com.br\/api\/wp\/v2\/tags?post=75924"}],"curies":[{"name":"wp","href":"https:\/\/api.w.org\/{rel}","templated":true}]}}