{"id":75937,"date":"2019-08-06T22:28:31","date_gmt":"2019-08-07T01:28:31","guid":{"rendered":"https:\/\/portalv1.com.br\/?p=75937"},"modified":"2019-08-06T22:28:31","modified_gmt":"2019-08-07T01:28:31","slug":"sesapi-confirma-1o-caso-importado-de-sarampo-em-crianca-no-piaui","status":"publish","type":"post","link":"https:\/\/portalv1.com.br\/sesapi-confirma-1o-caso-importado-de-sarampo-em-crianca-no-piaui\/","title":{"rendered":"Sesapi confirma 1\u00ba caso importado de sarampo em crian\u00e7a no Piau\u00ed"},"content":{"rendered":"<p>A Secretaria Estadual de Sa\u00fade (Sesapi) confirmou nesta ter\u00e7a-feira (6) o primeiro caso importado de sarampo no Piau\u00ed, no ano de 2019.<\/p>\n<section class=\"more-links\"><\/section>\n<p>O paciente \u00e9 um beb\u00ea piauiense de um ano de idade, que viajou para S\u00e3o Paulo, regi\u00e3o sudeste do pa\u00eds, e retornou ao estado com sintomas da doen\u00e7a. Esse \u00e9 o quinto caso suspeito, mas o primeiro confirmado no Piau\u00ed.<\/p>\n<p>De acordo com a Sesapi, a crian\u00e7a mora com a fam\u00edlia no munic\u00edpio de Campo Grande do Piau\u00ed (363 km de Teresina), onde os&nbsp; exames indicaram uma infec\u00e7\u00e3o recente.&nbsp; Ela teria sido infectada pelo v\u00edrus da doen\u00e7a durante a sua estadia recente no estado paulista.&nbsp;<\/p>\n<p>&#8220;Segundo pesquisa da secretaria, a crian\u00e7a e sua m\u00e3e teriam retornado de S\u00e3o Paulo e ao chegarem no munic\u00edpio de Campo Grande, onde residem, a crian\u00e7a teria come\u00e7ado a apresentar os sintomas da doen\u00e7a, com um quadro de febre, tosse e coriza. A crian\u00e7a foi levada para a Unidade Mista de Campo Grande e ent\u00e3o encaminhada para o Hospital Regional de Picos. Ap\u00f3s a realiza\u00e7\u00e3o dos exames, foi comprovada uma infec\u00e7\u00e3o recente pelo v\u00edrus&#8221;, destaca a Sesapi.<\/p>\n<p>A coordenadora de epidemiologia da Sesapi, Am\u00e9lia Costa, destacou que esse \u00e9 o 5\u00b0 caso suspeito de sarampo, mas o primeiro confirmado. Costa alerta que este caso em espec\u00edfico trata-se de um caso importado, ou seja, a infec\u00e7\u00e3o n\u00e3o ocorreu em territ\u00f3rio piauiense, e sim no estado de S\u00e3o Paulo. O v\u00edrus detectado na crian\u00e7a \u00e9 o mesmo que circula na Venezuela.&nbsp;&nbsp;<\/p>\n<p>Costa tamb\u00e9m destacou que a crian\u00e7a n\u00e3o foi imunizada contra a doen\u00e7a. &#8220;N\u00f3s tomamos ci\u00eancia da situa\u00e7\u00e3o atrav\u00e9s do hospital de Picos, e a Sesapi j\u00e1 tomou as medidas de fiscaliza\u00e7\u00e3o e acompanhamentos necess\u00e1rio do caso, fazendo o bloqueio de todas as \u00e1reas onde a crian\u00e7a transitou no estado\u201d, acrescenta.&nbsp;<\/p>\n<p>O bloqueio citado pela coordenadora refere-se &#8220;ao fato de promover a vacina\u00e7\u00e3o em todos os locais onde a crian\u00e7a esteve presente, a fim de evitar o surgimento de novos casos&#8221; de Sarampo.&nbsp; &nbsp;<\/p>\n<p>\u201cAs a\u00e7\u00f5es de controle j\u00e1 foram todas executadas. \u00c9 preciso refor\u00e7ar que n\u00e3o existe a necessidade de uma vacina\u00e7\u00e3o em massa. A vacina \u00e9 importante para o grupo de risco e pessoas que v\u00e3o viajar para localidades onde existem casos confirmados, mas n\u00e3o existe uma necessidade de urg\u00eancia para todos se vacinarem\u201d, diz a coordenadora.&nbsp;<\/p>\n<p><strong>Vacina\u00e7\u00e3o<\/strong><\/p>\n<p>A Sesapi esclarece que a vacina\u00e7\u00e3o \u00e9 realizada com a vacina Tr\u00edplice Viral. &#8220;O Piau\u00ed recebeu do Minist\u00e9rio da Sa\u00fade vacinas suficientes para atender sua popula\u00e7\u00e3o. Caso a pessoa queira, ela pode buscar a unidade de sa\u00fade com seu cart\u00e3o de vacina\u00e7\u00e3o em m\u00e3os, ela ser\u00e1 avaliada e caso necess\u00e1rio receber\u00e1 a imuniza\u00e7\u00e3o&#8221;, informa.<\/p>\n<p>Aos pais e respons\u00e1veis, a Sesapi ressalta que as crian\u00e7as a serem vacinadas pela primeira vez \u00e9 preciso cumprir o calend\u00e1rio e aplicar a segunda dose da vacina, para garantir a imuniza\u00e7\u00e3o completa contra a doen\u00e7a.&nbsp;<\/p>\n<p>A indica\u00e7\u00e3o \u00e9 que a Vacina\u00e7\u00e3o em beb\u00eas aconte\u00e7a aos 12 meses, sendo que aos 15 meses aconte\u00e7a a aplica\u00e7\u00e3o do refor\u00e7o.&nbsp; \u201cAs pessoas n\u00e3o est\u00e3o buscando a 2\u00b0 dose da vacina, precisamos mudar isso, para evitar que ocorra casos de infec\u00e7\u00e3o dentro do estado\u201d, alerta a coordenadora.&nbsp;<\/p>\n<p>Fonte: cidadeverde&nbsp;<\/p>\n","protected":false},"excerpt":{"rendered":"<p>A Secretaria Estadual de Sa\u00fade (Sesapi) confirmou nesta ter\u00e7a-feira (6) o primeiro caso importado de sarampo no Piau\u00ed, no ano de 2019. O paciente \u00e9 um beb\u00ea piauiense de um&#8230;<\/p>\n","protected":false},"author":1,"featured_media":75938,"comment_status":"open","ping_status":"open","sticky":false,"template":"","format":"standard","meta":{"ngg_post_thumbnail":0,"footnotes":""},"categories":[12],"tags":[],"class_list":["post-75937","post","type-post","status-publish","format-standard","has-post-thumbnail","hentry","category-valenca-news"],"views":345,"meta_data":{"thumb":"https:\/\/portalv1.com.br\/app\/wp-content\/uploads\/2019\/08\/sarampo.jpg","imagem":{"fullsize":{"url":"https:\/\/portalv1.com.br\/app\/wp-content\/uploads\/2019\/08\/sarampo.jpg","width":750,"height":450},"thumbnail":{"url":"https:\/\/portalv1.com.br\/app\/wp-content\/uploads\/2019\/08\/sarampo-100x100.jpg","width":100,"height":100},"medium":{"url":"https:\/\/portalv1.com.br\/app\/wp-content\/uploads\/2019\/08\/sarampo-300x180.jpg","width":300,"height":180},"large":{"url":"https:\/\/portalv1.com.br\/app\/wp-content\/uploads\/2019\/08\/sarampo-640x384.jpg","width":640,"height":384}},"data":{"simple":"06\/08\/2019","date_time":"06\/08\/2019 19:28:31","date":"h\u00e1 7 anos"},"chapeu":"Saiba detalhes ","source":"slide"},"_links":{"self":[{"href":"https:\/\/portalv1.com.br\/api\/wp\/v2\/posts\/75937","targetHints":{"allow":["GET"]}}],"collection":[{"href":"https:\/\/portalv1.com.br\/api\/wp\/v2\/posts"}],"about":[{"href":"https:\/\/portalv1.com.br\/api\/wp\/v2\/types\/post"}],"author":[{"embeddable":true,"href":"https:\/\/portalv1.com.br\/api\/wp\/v2\/users\/1"}],"replies":[{"embeddable":true,"href":"https:\/\/portalv1.com.br\/api\/wp\/v2\/comments?post=75937"}],"version-history":[{"count":0,"href":"https:\/\/portalv1.com.br\/api\/wp\/v2\/posts\/75937\/revisions"}],"wp:featuredmedia":[{"embeddable":true,"href":"https:\/\/portalv1.com.br\/api\/wp\/v2\/media\/75938"}],"wp:attachment":[{"href":"https:\/\/portalv1.com.br\/api\/wp\/v2\/media?parent=75937"}],"wp:term":[{"taxonomy":"category","embeddable":true,"href":"https:\/\/portalv1.com.br\/api\/wp\/v2\/categories?post=75937"},{"taxonomy":"post_tag","embeddable":true,"href":"https:\/\/portalv1.com.br\/api\/wp\/v2\/tags?post=75937"}],"curies":[{"name":"wp","href":"https:\/\/api.w.org\/{rel}","templated":true}]}}