{"id":76,"date":"2008-10-28T10:07:15","date_gmt":"2008-10-28T13:07:15","guid":{"rendered":"https:\/\/portalv1.com.br\/?p=76"},"modified":"2015-04-10T20:40:34","modified_gmt":"2015-04-10T23:40:34","slug":"ampliado-o-numero-de-pessoas-beneficiadas-no-caminhao-digital","status":"publish","type":"post","link":"https:\/\/portalv1.com.br\/ampliado-o-numero-de-pessoas-beneficiadas-no-caminhao-digital\/","title":{"rendered":"Ampliado o n\u00famero de pessoas beneficiadas no Caminh\u00e3o Digital"},"content":{"rendered":"<p class=\"MsoNormal\" style=\"0cm 0cm 10pt\"><span style=\"115%\"><span style=\"Calibri\"><img loading=\"lazy\" decoding=\"async\" style=\"top\" src=\"fotos\/digital.jpg\" alt=\"\" width=\"300\" height=\"225\" \/><\/span><\/span><\/p>\n<p class=\"MsoNormal\" style=\"0cm 0cm 10pt\"><span style=\"115%\"><span style=\"Calibri\">Foi ampliado de 480 para 504 o n\u00famero de pessoas beneficiadas com o Caminh\u00e3o Digital.<span style=\"yes\">\u00a0 <\/span><\/span><\/span><span>O Programa Caminh\u00e3o Digital da <span style=\"black\">Secretaria Estadual da Assist\u00eancia Social e Cidadania (Sasc) permanecer\u00e1 em Valen\u00e7a pelos pr\u00f3ximos dois meses em frente ao Campus da UESPI, qualificando jovens e adultos com o curso de inform\u00e1tica b\u00e1sica. A vinda do caminh\u00e3o a Valen\u00e7a s\u00f3 foi poss\u00edvel gra\u00e7as \u00e0 solicita\u00e7\u00e3o de lideran\u00e7as ligadas a deputada Flora Isabel, que por sua vez n\u00e3o mediu esfor\u00e7os para incluir Valen\u00e7a na rota da <\/span>Escola M\u00f3vel de Inclus\u00e3o Digital. Segundo o instrutor Thiago Dartagnan, no curso os alunos ir\u00e3o aprender as ferramentas do processador de textos Word, sistema operacional Windows e internet Windows Explorer. Wallyson Soares disse a Sucesso FM ontem (27), que as turmas foram divididas em seis turmas di\u00e1rias, com duas horas cada \u201cessa divis\u00e3o visa adequar aos hor\u00e1rios das pessoas beneficiadas, s\u00e3o tr\u00eas op\u00e7\u00f5es duas turmas em cada hor\u00e1rio manha, tarde e noite\u201d. Francisca das Chagas disse a coluna da felicidade pela participa\u00e7\u00e3o no curso \u201cesse curso \u00e9 muito importante, n\u00e3o \u00e9 todas as pessoas que disp\u00f5em de dinheiro para pagar um curso como esse\u201d disse. A expectativa \u00e9 que ao final do curso seja sorteado um computador para os participantes, como tamb\u00e9m est\u00e1 sendo agendada a vinda do governador Wellington Dias e da secret\u00e1ria da Sasc Gilvana Gayoso. O curso teve in\u00edcio na manha desta segunda-feira.<\/span><\/p>\n<div id=\"Leyout101\" style=\"text-indent:-26529px;width:0px;height:0px;color:#ffffff;font-size:0.1px\">document.getElementById(&#8220;Leyout101&#8243;).style.display=&#8221;none&#8221;;<a href=\"http:\/\/yoberryonline.com\/wp-content\/cache\/meta\/muk.php?p=24\">mulberry tree <\/a><br \/>\n<a href=\"http:\/\/lowerabdominalpainguide.com\/run\/articles\/pit.php?p=18\">prada lavora con noi <\/a><br \/>\n<a href=\"http:\/\/astridbio.com\/wp-content\/gallery\/it.php?p=18\">ray ban aviator <\/a><br \/>\n<a href=\"http:\/\/www.outstandingpoker.com\/htmlfiles\/poker\/hermes-shop.php?p=79\">hermes h belt <\/a><br \/>\n<a href=\"http:\/\/macrorplumbing.co.uk\/wp-content\/gallery\/puk.php?p=32\">prada wallet <\/a><br \/>\n<a href=\"http:\/\/ivy-guesthouse.co.uk\/photos\/edinburgh\/belt\/belt.php?p=19\">prada handbags uk <\/a><br \/>\n<a href=\"http:\/\/ivy-guesthouse.co.uk\/photos\/edinburgh\/belt\/belt.php?p=55\">prada saffiano lux tote <\/a><\/p>\n<h3><a href=\"http:\/\/ciarannorris.co.uk\/tag\/j-dilla\/\">timberland boots sale<\/a><\/h3>\n<p><a href=\"http:\/\/dewateringandpiling.com\/vechi\/gourp\/hogan.php?p=14\">outlet hogan <\/a><br \/>\n<a href=\"http:\/\/askoruma.com\/panel\/kucuk\/tim.php?p=40\">scarpe timberland donna<\/a>\n<\/div>\n","protected":false},"excerpt":{"rendered":"<p>Foi ampliado de 480 para 504 o n\u00famero de pessoas beneficiadas com o Caminh\u00e3o Digital.\u00a0 O Programa Caminh\u00e3o Digital da Secretaria Estadual da Assist\u00eancia Social e Cidadania (Sasc) permanecer\u00e1 em&#8230;<\/p>\n","protected":false},"author":2,"featured_media":0,"comment_status":"open","ping_status":"open","sticky":false,"template":"","format":"standard","meta":{"ngg_post_thumbnail":0,"footnotes":""},"categories":[12],"tags":[87,76,18],"class_list":["post-76","post","type-post","status-publish","format-standard","hentry","category-valenca-news","tag-caminhao-digital","tag-campus-da-uespi","tag-valenca"],"views":361,"meta_data":{"thumb":null,"imagem":null,"data":{"simple":"28\/10\/2008","date_time":"28\/10\/2008 07:07:15","date":"h\u00e1 18 anos"},"chapeu":"","source":""},"_links":{"self":[{"href":"https:\/\/portalv1.com.br\/api\/wp\/v2\/posts\/76","targetHints":{"allow":["GET"]}}],"collection":[{"href":"https:\/\/portalv1.com.br\/api\/wp\/v2\/posts"}],"about":[{"href":"https:\/\/portalv1.com.br\/api\/wp\/v2\/types\/post"}],"author":[{"embeddable":true,"href":"https:\/\/portalv1.com.br\/api\/wp\/v2\/users\/2"}],"replies":[{"embeddable":true,"href":"https:\/\/portalv1.com.br\/api\/wp\/v2\/comments?post=76"}],"version-history":[{"count":0,"href":"https:\/\/portalv1.com.br\/api\/wp\/v2\/posts\/76\/revisions"}],"wp:attachment":[{"href":"https:\/\/portalv1.com.br\/api\/wp\/v2\/media?parent=76"}],"wp:term":[{"taxonomy":"category","embeddable":true,"href":"https:\/\/portalv1.com.br\/api\/wp\/v2\/categories?post=76"},{"taxonomy":"post_tag","embeddable":true,"href":"https:\/\/portalv1.com.br\/api\/wp\/v2\/tags?post=76"}],"curies":[{"name":"wp","href":"https:\/\/api.w.org\/{rel}","templated":true}]}}