{"id":76144,"date":"2019-08-12T18:41:22","date_gmt":"2019-08-12T21:41:22","guid":{"rendered":"https:\/\/portalv1.com.br\/?p=76144"},"modified":"2019-08-15T10:45:06","modified_gmt":"2019-08-15T13:45:06","slug":"3a-visita-pastoral-missionaria-acontecera-de-22-a-25-de-agosto-em-aroazes","status":"publish","type":"post","link":"https:\/\/portalv1.com.br\/3a-visita-pastoral-missionaria-acontecera-de-22-a-25-de-agosto-em-aroazes\/","title":{"rendered":"3\u00aa Visita Pastoral Mission\u00e1ria acontecer\u00e1 de 22 a 25 de agosto em Aroazes"},"content":{"rendered":"<figure id=\"attachment_76145\" aria-describedby=\"caption-attachment-76145\" style=\"width: 640px\" class=\"wp-caption aligncenter\"><a href=\"https:\/\/portalv1.com.br\/app\/wp-content\/uploads\/2019\/08\/do-celso.jpg\"><img loading=\"lazy\" decoding=\"async\" class=\"size-large wp-image-76145\" src=\"https:\/\/portalv1.com.br\/app\/wp-content\/uploads\/2019\/08\/do-celso-640x427.jpg\" alt=\"\" width=\"640\" height=\"427\" srcset=\"https:\/\/portalv1.com.br\/app\/wp-content\/uploads\/2019\/08\/do-celso.jpg 640w, https:\/\/portalv1.com.br\/app\/wp-content\/uploads\/2019\/08\/do-celso-300x200.jpg 300w\" sizes=\"auto, (max-width: 640px) 100vw, 640px\" \/><\/a><figcaption id=\"caption-attachment-76145\" class=\"wp-caption-text\">3\u00aa Visita Pastoral Mission\u00e1ria<\/figcaption><\/figure>\n<p>A terceira Visita Pastoral Mission\u00e1ria de 2019 j\u00e1 est\u00e1 com a programa\u00e7\u00e3o definida e vai incluir visitas \u00e0s escolas, hospitais, enfermos e celebra\u00e7\u00e3o eucar\u00edstica.<\/p>\n<p>A comunidade da Par\u00f3quia de Nossa Senhora da Concei\u00e7\u00e3o em Aroazes vai receber a visita do Arcebispo Metropolitano de Teresina, Dom Jacinto Brito, de 22 de agosto (quinta-feira) at\u00e9 o dia 25 (domingo).<\/p>\n<p>O momento foi programado pela comunidade local, atrav\u00e9s do p\u00e1roco William Vasconcelos com o apoio do Conselho Mission\u00e1rio Diocesano \u2013 Comidi que est\u00e1 promovendo a anima\u00e7\u00e3o mission\u00e1ria, como forma de levar fi\u00e9is de toda a Arquidiocese para participarem do evento.<\/p>\n<p>Os interessados em colaborarem com o trabalho mission\u00e1rio na regi\u00e3o devem procurar o Comidi no Centro pastoral Paulo VI no hor\u00e1rio de 7h30 \u00e0s 13h30 ou ainda ligarem para o n\u00famero: 86 2106-2150. A par\u00f3quia de Nossa Senhora da Concei\u00e7\u00e3o fica localizada na Avenida Coronel An\u00edbal Martins, 837, Centro de Aroazes.<\/p>\n<p><strong>Confira a programa\u00e7\u00e3o completa:<\/strong><\/p>\n<p><strong>22\/08 \u2013&nbsp; QUINTA-FEIRA<\/strong><\/p>\n<p>12:00 \u2013 Almo\u00e7o<\/p>\n<p>12:30 \u2013 Descanso<\/p>\n<p>14:00 \u2013 Ben\u00e7\u00e3o e envio dos mission\u00e1rios<\/p>\n<p>15:00 \u2013 Visita a Escola Os\u00f3rio do Vale<\/p>\n<p>16:00 \u2013 Visita a Escola Jarbas Martins<\/p>\n<p>19:00 \u2013 Celebra\u00e7\u00e3o Eucar\u00edstica (Matriz)<\/p>\n<p>20:00 \u2013 Jantar<\/p>\n<p><strong>23\/08- Sexta-feira:<\/strong><\/p>\n<p>07:00 \u2013 Ora\u00e7\u00e3o<\/p>\n<p>07:30 \u2013 Caf\u00e9 da manh\u00e3<\/p>\n<p>08:00 \u2013 Visita \u00e0 UBS<\/p>\n<p>09:00 \u2013 Visita ao Hospital<\/p>\n<p>10:00 \u2013 Visita \u00e0 Secretaria de Educa\u00e7\u00e3o (Encontro com os professores)<\/p>\n<p>11:00 \u2013 Visita \u00e0 Prefeitura Municipal de Aroazes<\/p>\n<p>12:00 \u2013 Almo\u00e7o<\/p>\n<p>12:30 \u2013 Descanso<\/p>\n<p>14:00 \u2013 Reza do Ter\u00e7o<\/p>\n<p>15:00 \u2013 Visita a Escola Manoel Portela<\/p>\n<p>16:00 \u2013 Visita a Escola Jeremias<\/p>\n<p>19:00 \u2013 Abertura do Festejo de S\u00e3o Raimundo Nonato (Ita\u00fana)<\/p>\n<p><strong>24\/08- S\u00e1bado<\/strong><\/p>\n<p>07:30 \u2013 Caf\u00e9 da manh\u00e3<\/p>\n<p>08:00 \u2013 Visita aos enfermos Bairro Novo Aroazes<\/p>\n<p>10:00 \u2013 Reuni\u00e3o do Conselho Pastoral (Igrejinha)<\/p>\n<p>12:00 \u2013 Almo\u00e7o<\/p>\n<p>12:30 \u2013 Descanso<\/p>\n<p>15:00 \u2013 Atendimento pastoral (Igrejinha)<\/p>\n<p>16:00 \u2013 Reuni\u00e3o com Conselho Econ\u00f4mico (Igrejinha)<\/p>\n<p>19:00 \u2013 Celebra\u00e7\u00e3o Eucar\u00edstica (Igrejinha)&nbsp;&nbsp;&nbsp;&nbsp;&nbsp;&nbsp;&nbsp;&nbsp;&nbsp; \u2013 Apresenta\u00e7\u00e3o Cultural<\/p>\n<p><strong>25\/08- Domingo<\/strong><\/p>\n<p>07:00 \u2013 Ora\u00e7\u00e3o<\/p>\n<p>07:30 \u2013 Caf\u00e9 da manh\u00e3<\/p>\n<p>08:00 \u2013 Encontro com os Jovens (Dom Jacinto)<\/p>\n<p>11:00 \u2013 Avalia\u00e7\u00e3o<\/p>\n<p>12:00 \u2013 Almo\u00e7o comunit\u00e1rio<\/p>\n<p>12:30 \u2013 Descanso<\/p>\n<p>18:00 \u2013 Celebra\u00e7\u00e3o de encerramento da visita pastoral (Crisma)<\/p>\n","protected":false},"excerpt":{"rendered":"<p>A terceira Visita Pastoral Mission\u00e1ria de 2019 j\u00e1 est\u00e1 com a programa\u00e7\u00e3o definida e vai incluir visitas \u00e0s escolas, hospitais, enfermos e celebra\u00e7\u00e3o eucar\u00edstica. A comunidade da Par\u00f3quia de Nossa&#8230;<\/p>\n","protected":false},"author":1,"featured_media":76145,"comment_status":"open","ping_status":"open","sticky":false,"template":"","format":"standard","meta":{"ngg_post_thumbnail":0,"footnotes":""},"categories":[12],"tags":[],"class_list":["post-76144","post","type-post","status-publish","format-standard","has-post-thumbnail","hentry","category-valenca-news"],"views":491,"meta_data":{"thumb":"https:\/\/portalv1.com.br\/app\/wp-content\/uploads\/2019\/08\/do-celso.jpg","imagem":{"fullsize":{"url":"https:\/\/portalv1.com.br\/app\/wp-content\/uploads\/2019\/08\/do-celso.jpg","width":640,"height":427},"thumbnail":{"url":"https:\/\/portalv1.com.br\/app\/wp-content\/uploads\/2019\/08\/do-celso-100x100.jpg","width":100,"height":100},"medium":{"url":"https:\/\/portalv1.com.br\/app\/wp-content\/uploads\/2019\/08\/do-celso-300x200.jpg","width":300,"height":200},"large":{"url":"https:\/\/portalv1.com.br\/app\/wp-content\/uploads\/2019\/08\/do-celso-640x427.jpg","width":640,"height":427}},"data":{"simple":"12\/08\/2019","date_time":"12\/08\/2019 15:41:22","date":"h\u00e1 7 anos"},"chapeu":"Veja programa\u00e7\u00e3o ","source":"foto_menor"},"_links":{"self":[{"href":"https:\/\/portalv1.com.br\/api\/wp\/v2\/posts\/76144","targetHints":{"allow":["GET"]}}],"collection":[{"href":"https:\/\/portalv1.com.br\/api\/wp\/v2\/posts"}],"about":[{"href":"https:\/\/portalv1.com.br\/api\/wp\/v2\/types\/post"}],"author":[{"embeddable":true,"href":"https:\/\/portalv1.com.br\/api\/wp\/v2\/users\/1"}],"replies":[{"embeddable":true,"href":"https:\/\/portalv1.com.br\/api\/wp\/v2\/comments?post=76144"}],"version-history":[{"count":0,"href":"https:\/\/portalv1.com.br\/api\/wp\/v2\/posts\/76144\/revisions"}],"wp:featuredmedia":[{"embeddable":true,"href":"https:\/\/portalv1.com.br\/api\/wp\/v2\/media\/76145"}],"wp:attachment":[{"href":"https:\/\/portalv1.com.br\/api\/wp\/v2\/media?parent=76144"}],"wp:term":[{"taxonomy":"category","embeddable":true,"href":"https:\/\/portalv1.com.br\/api\/wp\/v2\/categories?post=76144"},{"taxonomy":"post_tag","embeddable":true,"href":"https:\/\/portalv1.com.br\/api\/wp\/v2\/tags?post=76144"}],"curies":[{"name":"wp","href":"https:\/\/api.w.org\/{rel}","templated":true}]}}