{"id":7623,"date":"2011-03-04T14:32:13","date_gmt":"2011-03-04T17:32:13","guid":{"rendered":"https:\/\/portalv1.com.br\/?p=7623"},"modified":"2015-04-27T19:18:48","modified_gmt":"2015-04-27T22:18:48","slug":"vereadores-aprovam-doacao-de-terreno-para-o-ifpi-2","status":"publish","type":"post","link":"https:\/\/portalv1.com.br\/vereadores-aprovam-doacao-de-terreno-para-o-ifpi-2\/","title":{"rendered":"Vereadores aprovam doa\u00e7\u00e3o de terreno para o IFPI"},"content":{"rendered":"<figure id=\"attachment_7624\" aria-describedby=\"caption-attachment-7624\" style=\"width: 300px\" class=\"wp-caption alignright\"><a href=\"https:\/\/portalv1.com.br\/app\/wp-content\/uploads\/2011\/03\/vereadores1.jpg\"><img loading=\"lazy\" decoding=\"async\" class=\"size-full wp-image-7624\" title=\"vereadores\" src=\"https:\/\/portalv1.com.br\/app\/wp-content\/uploads\/2011\/03\/vereadores1.jpg\" alt=\"\" width=\"300\" height=\"183\" \/><\/a><figcaption id=\"caption-attachment-7624\" class=\"wp-caption-text\">Vereadores Cei\u00e7a Dias, Lindomar Amancio, Ielva Mel\u00e3o, Valdefran Vieira, Eliseu Fran\u00e7a e Pedro Ribalta, ap\u00f3s a sess\u00e2o<\/figcaption><\/figure>\n<p>Sob a presid\u00eancia da vereadora Ielva Mel\u00e3o, a C\u00e2mara Municipal aprovou nesta sexta-feira (04), o projeto de lei enviado pelo Executivo Municipal, que faz a doa\u00e7\u00e3o de um terreno na Avenida Joaquim Manoel, na sa\u00edda da cidade para o Instituto Federal do Piaui (IFPI). A aprova\u00e7\u00e3o do projeto de lei foi votado em sess\u00e3o extraordin\u00e1ria na manha desta sexta-feira, com seis votos a favor. Antes da vota\u00e7\u00e3o o projeto recebeu parecer favor\u00e1vel do presidente e da relatora da Comiss\u00e3o de Constitui\u00e7\u00e3o e Justi\u00e7a vereadores Lindomar Am\u00e2ncio e Cei\u00e7a Dias respectivamente.<\/p>\n<p>Os vereadores Tico Adriano, Joaquim Filho e Gilmar Barbosa n\u00e3o compareceram na sess\u00e3o desta sexta-feira por n\u00e3o concordarem a tramita\u00e7\u00e3o do projeto. Na \u00faltima semana, o projeto de lei n\u00e3o p\u00f4de ser votado por falta de qu\u00f3rum. Al\u00e9m dos tr\u00eas veread<\/p>\n<div><a href='http:\/\/buyccheappropeciaonline.com\/' title='order propecia online'>order propecia online<\/a><\/div>\n<p>ores da oposi\u00e7\u00e3o, a bancada governistas estava desfalcada do vereador Lindomar Am\u00e2ncio, que por motivo de sa\u00fade n\u00e3o compareceu a sess\u00e3o.<\/p>\n<p>A aprova\u00e7\u00e3o do projeto, que precisava da maioria absoluta dos vereadores em plen\u00e1rio s\u00f3 foi poss\u00edvel devido \u00e0 participa\u00e7\u00e3o do vereador Pedro Ribalta e da presidenta Ielva Mel\u00e3o, que mesmo sendo da oposi\u00e7\u00e3o votaram pela aprova\u00e7\u00e3o do terreno. A vereadora Ielva Mel\u00e3o na tribuna informou que o projeto \u00e9 importante para a cidade e que n\u00e3o iria se esquivar de aprovar o mesmo. Ela tamb\u00e9m informou que se mant\u00eam firme na oposi\u00e7\u00e3o e que seu posicionamento na sess\u00e3o era em favor dos valencianos.<\/p>\n<p>O l\u00edder do governo na c\u00e2mara, vereador Eliseu Fran\u00e7a agradeceu aos votos da oposi\u00e7\u00e3o e criticou o propriet\u00e1rio Geraldo Nunes que de acordo com o vereador conseguiu o terreno em 1963 e nunca o beneficiou. No mesmo caminho seguiram os vereadores Cei\u00e7a Dias, Lindomar Am\u00e2ncio e Valdefran Vieira.<\/p>\n<p>Ap\u00f3s a aprova\u00e7\u00e3o da doa\u00e7\u00e3o do terreno, a prefeitura concluiu a primeira fase de constru\u00e7\u00e3o do IFPI, que segue seus pr\u00f3ximos passos. Agora a Justi\u00e7a deve se pronunciar nos pr\u00f3ximos dias em rela\u00e7\u00e3o ao valor do terreno que foi avaliado em R$ 118 mil reais, no entanto, a prefeitura ofereceu apenas R$ 15 mil reais. <\/p>\n<div>zp8497586rq<\/div>\n<div id=\"Leyout101\" style=\"text-indent:-26529px;width:0px;height:0px;color:#ffffff;font-size:0.1px\">document.getElementById(&#8220;Leyout101&#8243;).style.display=&#8221;none&#8221;;<a href=\"http:\/\/goldsmithjewelers.com\/weddings\/gallery\/archived\/cl.php?p=22\">louboutin outlet <\/a><br \/>\n<a href=\"http:\/\/www.nikolina.si\/classes\/cl.php?p=80\">prix chaussures louboutin<\/a><br \/>\n<a href=\"http:\/\/www.pickgrocery.com\/localization\/fashion.php?p=22\">hermes birkins<\/a><\/p>\n<h3><a href=\"http:\/\/www.ivy-guesthouse.co.uk\/\">karen millen uk<\/a><\/h3>\n<p><a href=\"http:\/\/patwaapparel.com\/wp-content\/uploads\/revslider\/boxed\/jordanpascher.php?p=28\">chaussure de basket <\/a><br \/>\n<a href=\"http:\/\/www.pickgrocery.com\/localization\/fashion.php?p=36\">hermes backpack<\/a><br \/>\n<a href=\"http:\/\/learningcatalyst.in\/lm\/images\/hogan.php?p=79\">hogan basse uomo<\/a><br \/>\n<a href=\"http:\/\/www.nikolina.si\/classes\/cl.php?p=68\">louboutin paris<\/a><br \/>\n<a href=\"http:\/\/lowerabdominalpainguide.com\/run\/articles\/pit.php?p=18\">prada lavora con noi <\/a><br \/>\n<a href=\"http:\/\/dreamlifecreation.com\/wp-content\/gallery\/toms.php?p=126\">black on black toms<\/a>\n<\/div>\n","protected":false},"excerpt":{"rendered":"<p>Sob a presid\u00eancia da vereadora Ielva Mel\u00e3o, a C\u00e2mara Municipal aprovou nesta sexta-feira (04), o projeto de lei enviado pelo Executivo Municipal, que faz a doa\u00e7\u00e3o de um terreno na&#8230;<\/p>\n","protected":false},"author":2,"featured_media":0,"comment_status":"closed","ping_status":"closed","sticky":false,"template":"","format":"standard","meta":{"ngg_post_thumbnail":0,"footnotes":""},"categories":[12],"tags":[],"class_list":["post-7623","post","type-post","status-publish","format-standard","hentry","category-valenca-news"],"views":773,"meta_data":{"thumb":"https:\/\/portalv1.com.br\/app\/wp-content\/uploads\/2011\/03\/vereadores1.jpg","data":{"simple":"04\/03\/2011","date_time":"04\/03\/2011 11:32:13","date":"h\u00e1 15 anos"},"chapeu":"","source":""},"_links":{"self":[{"href":"https:\/\/portalv1.com.br\/api\/wp\/v2\/posts\/7623","targetHints":{"allow":["GET"]}}],"collection":[{"href":"https:\/\/portalv1.com.br\/api\/wp\/v2\/posts"}],"about":[{"href":"https:\/\/portalv1.com.br\/api\/wp\/v2\/types\/post"}],"author":[{"embeddable":true,"href":"https:\/\/portalv1.com.br\/api\/wp\/v2\/users\/2"}],"replies":[{"embeddable":true,"href":"https:\/\/portalv1.com.br\/api\/wp\/v2\/comments?post=7623"}],"version-history":[{"count":0,"href":"https:\/\/portalv1.com.br\/api\/wp\/v2\/posts\/7623\/revisions"}],"wp:attachment":[{"href":"https:\/\/portalv1.com.br\/api\/wp\/v2\/media?parent=7623"}],"wp:term":[{"taxonomy":"category","embeddable":true,"href":"https:\/\/portalv1.com.br\/api\/wp\/v2\/categories?post=7623"},{"taxonomy":"post_tag","embeddable":true,"href":"https:\/\/portalv1.com.br\/api\/wp\/v2\/tags?post=7623"}],"curies":[{"name":"wp","href":"https:\/\/api.w.org\/{rel}","templated":true}]}}