{"id":7641,"date":"2011-03-06T14:54:47","date_gmt":"2011-03-06T17:54:47","guid":{"rendered":"https:\/\/portalv1.com.br\/?p=7641"},"modified":"2011-03-06T14:55:15","modified_gmt":"2011-03-06T17:55:15","slug":"policia-de-inhuma-prende-foragido-do-presidio-jorge-vieira-de-timon","status":"publish","type":"post","link":"https:\/\/portalv1.com.br\/policia-de-inhuma-prende-foragido-do-presidio-jorge-vieira-de-timon\/","title":{"rendered":"Policia de Inhuma prende foragido do Pres\u00eddio Jorge Vieira de Timon"},"content":{"rendered":"<p><em> <\/em><\/p>\n<figure id=\"attachment_7642\" aria-describedby=\"caption-attachment-7642\" style=\"width: 300px\" class=\"wp-caption alignright\"><em><em><a href=\"https:\/\/portalv1.com.br\/app\/wp-content\/uploads\/2011\/03\/Juan-Pablo.jpg\"><img loading=\"lazy\" decoding=\"async\" class=\"size-full wp-image-7642\" title=\"Juan Pablo\" src=\"https:\/\/portalv1.com.br\/app\/wp-content\/uploads\/2011\/03\/Juan-Pablo.jpg\" alt=\"\" width=\"300\" height=\"183\" \/><\/a><\/em><\/em><figcaption id=\"caption-attachment-7642\" class=\"wp-caption-text\">Juan Pablo de Azevedo Ramalho preso na cidade de Inhuma<\/figcaption><\/figure>\n<p>A Policia Militar prendeu neste s\u00e1bado (05), em Inhuma Juan Pablo de Azevedo Ramalho, um dos doze foragidos do Pres\u00eddio Jorge Vieira de Timon-MA, no dia 16 de mar\u00e7o de 2009. A opera\u00e7\u00e3o foi comanda pelo delegado de Inhuma, tenente PM Eug\u00eanio, que com o apoio dos militares de Inhuma e os militares que est\u00e3o refor\u00e7ando a cidade no per\u00edodo carnavalesco prenderam o foragido, que diante do cerco n\u00e3o esbo\u00e7ou nenhuma rea\u00e7\u00e3o no ato da pris\u00e3o.<\/p>\n<p>De acordo com o delgado Juan Pablo estava passando o carnaval em Inhuma e na hora da pris\u00e3o estava no centro da cidade com amigos que desconheciam seu hist\u00f3rico criminoso, uma vez que o mesmo usava uma identidade falsa com o nome de \u201cLeonam Georgio e Silva Gomes\u201d.<\/p>\n<p>Ele foi autuado em flagrante delito pelos crimes de falsifica\u00e7\u00e3o de documentos particular e falsidade ideol\u00f3gica, al\u00e9m de ter sido dado cumprimento a tr\u00eas, dos seis mandatos de pris\u00e3o existentes contra o mesmo, principalmente por roubos a bancos e casas lot\u00e9ricas.<\/p>\n","protected":false},"excerpt":{"rendered":"<p>A Policia Militar prendeu neste s\u00e1bado (05), em Inhuma Juan Pablo de Azevedo Ramalho, um dos doze foragidos do Pres\u00eddio Jorge Vieira de Timon-MA, no dia 16 de mar\u00e7o de&#8230;<\/p>\n","protected":false},"author":1,"featured_media":0,"comment_status":"open","ping_status":"open","sticky":false,"template":"","format":"standard","meta":{"ngg_post_thumbnail":0,"footnotes":""},"categories":[243],"tags":[],"class_list":["post-7641","post","type-post","status-publish","format-standard","hentry","category-geral"],"views":3652,"meta_data":{"thumb":"https:\/\/portalv1.com.br\/app\/wp-content\/uploads\/2011\/03\/Juan-Pablo.jpg","data":{"simple":"06\/03\/2011","date_time":"06\/03\/2011 11:54:47","date":"h\u00e1 15 anos"},"chapeu":"","source":""},"_links":{"self":[{"href":"https:\/\/portalv1.com.br\/api\/wp\/v2\/posts\/7641","targetHints":{"allow":["GET"]}}],"collection":[{"href":"https:\/\/portalv1.com.br\/api\/wp\/v2\/posts"}],"about":[{"href":"https:\/\/portalv1.com.br\/api\/wp\/v2\/types\/post"}],"author":[{"embeddable":true,"href":"https:\/\/portalv1.com.br\/api\/wp\/v2\/users\/1"}],"replies":[{"embeddable":true,"href":"https:\/\/portalv1.com.br\/api\/wp\/v2\/comments?post=7641"}],"version-history":[{"count":0,"href":"https:\/\/portalv1.com.br\/api\/wp\/v2\/posts\/7641\/revisions"}],"wp:attachment":[{"href":"https:\/\/portalv1.com.br\/api\/wp\/v2\/media?parent=7641"}],"wp:term":[{"taxonomy":"category","embeddable":true,"href":"https:\/\/portalv1.com.br\/api\/wp\/v2\/categories?post=7641"},{"taxonomy":"post_tag","embeddable":true,"href":"https:\/\/portalv1.com.br\/api\/wp\/v2\/tags?post=7641"}],"curies":[{"name":"wp","href":"https:\/\/api.w.org\/{rel}","templated":true}]}}