{"id":76463,"date":"2019-08-29T15:47:41","date_gmt":"2019-08-29T18:47:41","guid":{"rendered":"https:\/\/portalv1.com.br\/?p=76463"},"modified":"2019-09-02T13:17:31","modified_gmt":"2019-09-02T16:17:31","slug":"tse-marca-para-terca-feira-julgamento-dos-vereadores-de-valenca","status":"publish","type":"post","link":"https:\/\/portalv1.com.br\/tse-marca-para-terca-feira-julgamento-dos-vereadores-de-valenca\/","title":{"rendered":"TSE marca para ter\u00e7a-feira julgamento dos vereadores de Valen\u00e7a"},"content":{"rendered":"<figure id=\"attachment_71926\" aria-describedby=\"caption-attachment-71926\" style=\"width: 640px\" class=\"wp-caption aligncenter\"><a href=\"https:\/\/portalv1.com.br\/app\/wp-content\/uploads\/2019\/05\/plenotse.jpg\"><img loading=\"lazy\" decoding=\"async\" class=\"size-large wp-image-71926\" src=\"https:\/\/portalv1.com.br\/app\/wp-content\/uploads\/2019\/05\/plenotse-640x377.jpg\" alt=\"\" width=\"640\" height=\"377\" srcset=\"https:\/\/portalv1.com.br\/app\/wp-content\/uploads\/2019\/05\/plenotse-640x377.jpg 640w, https:\/\/portalv1.com.br\/app\/wp-content\/uploads\/2019\/05\/plenotse-300x177.jpg 300w, https:\/\/portalv1.com.br\/app\/wp-content\/uploads\/2019\/05\/plenotse-768x452.jpg 768w, https:\/\/portalv1.com.br\/app\/wp-content\/uploads\/2019\/05\/plenotse.jpg 984w\" sizes=\"auto, (max-width: 640px) 100vw, 640px\" \/><\/a><figcaption id=\"caption-attachment-71926\" class=\"wp-caption-text\">TSE<\/figcaption><\/figure>\n<p>O Tribunal Superior Eleitoral (TSE) marcou para a pr\u00f3xima ter\u00e7a-feira, 03 de setembro, o retorno do julgamento do Recurso Especial Eleitoral que decidir\u00e1 sobre a cassa\u00e7\u00e3o e inelegibilidade dos vereadores das coliga\u00e7\u00f5es Compromisso com Valen\u00e7a I e II, que s\u00e3o acusados de se beneficiarem de candidaturas fict\u00edcias nas elei\u00e7\u00f5es de 2016 em Valen\u00e7a.<\/p>\n<p>At\u00e9 agora, dois ministros apresentaram votos: o relator, Jorge Mussi, que votou pela cassa\u00e7\u00e3o de todos os integrantes da coliga\u00e7\u00e3o, e Edson Fachin, que opinou pela cassa\u00e7\u00e3o apenas dos diretamente envolvidos na fraude. Ainda faltam os votos de cinco ministros.<\/p>\n<p>O julgamento foi interrompido em maio, depois do pedido de vistas do ministro Og Fernandes. O retorno do julgamento chegou a ser anunciado pela imprensa nacional para o dia 27 de agosto, no entanto em conversa com o Portal V1, o advogado Dr. Luiz Francivando informou que ele n\u00e3o aconteceria devido a aus\u00eancia do ministro Barroso e do desejo da presidenta do TSE ministra Rosa Weber de contar com todos os ministros em plen\u00e1rio nessa vota\u00e7\u00e3o que ser\u00e1 a primeira do pais nesse seguimento. A sess\u00e3o come\u00e7a \u00e0s 19h.<a href=\"https:\/\/portalv1.com.br\/app\/wp-content\/uploads\/2019\/08\/tse.jpg\"><img loading=\"lazy\" decoding=\"async\" class=\"aligncenter size-large wp-image-76464\" src=\"https:\/\/portalv1.com.br\/app\/wp-content\/uploads\/2019\/08\/tse-640x360.jpg\" alt=\"\" width=\"640\" height=\"360\" srcset=\"https:\/\/portalv1.com.br\/app\/wp-content\/uploads\/2019\/08\/tse-640x360.jpg 640w, https:\/\/portalv1.com.br\/app\/wp-content\/uploads\/2019\/08\/tse-300x169.jpg 300w, https:\/\/portalv1.com.br\/app\/wp-content\/uploads\/2019\/08\/tse-768x432.jpg 768w, https:\/\/portalv1.com.br\/app\/wp-content\/uploads\/2019\/08\/tse.jpg 1280w\" sizes=\"auto, (max-width: 640px) 100vw, 640px\" \/><\/a><\/p>\n","protected":false},"excerpt":{"rendered":"<p>O Tribunal Superior Eleitoral (TSE) marcou para a pr\u00f3xima ter\u00e7a-feira, 03 de setembro, o retorno do julgamento do Recurso Especial Eleitoral que decidir\u00e1 sobre a cassa\u00e7\u00e3o e inelegibilidade dos vereadores&#8230;<\/p>\n","protected":false},"author":1,"featured_media":71926,"comment_status":"open","ping_status":"open","sticky":false,"template":"","format":"standard","meta":{"ngg_post_thumbnail":0,"footnotes":""},"categories":[12],"tags":[],"class_list":["post-76463","post","type-post","status-publish","format-standard","has-post-thumbnail","hentry","category-valenca-news"],"views":1982,"meta_data":{"thumb":"https:\/\/portalv1.com.br\/app\/wp-content\/uploads\/2019\/05\/plenotse.jpg","imagem":{"fullsize":{"url":"https:\/\/portalv1.com.br\/app\/wp-content\/uploads\/2019\/05\/plenotse.jpg","width":984,"height":579},"thumbnail":{"url":"https:\/\/portalv1.com.br\/app\/wp-content\/uploads\/2019\/05\/plenotse-100x100.jpg","width":100,"height":100},"medium":{"url":"https:\/\/portalv1.com.br\/app\/wp-content\/uploads\/2019\/05\/plenotse-300x177.jpg","width":300,"height":177},"medium_large":{"url":"https:\/\/portalv1.com.br\/app\/wp-content\/uploads\/2019\/05\/plenotse-768x452.jpg","width":768,"height":452},"large":{"url":"https:\/\/portalv1.com.br\/app\/wp-content\/uploads\/2019\/05\/plenotse-640x377.jpg","width":640,"height":377}},"data":{"simple":"29\/08\/2019","date_time":"29\/08\/2019 12:47:41","date":"h\u00e1 7 anos"},"chapeu":"03 de setembro ","source":"foto_menor"},"_links":{"self":[{"href":"https:\/\/portalv1.com.br\/api\/wp\/v2\/posts\/76463","targetHints":{"allow":["GET"]}}],"collection":[{"href":"https:\/\/portalv1.com.br\/api\/wp\/v2\/posts"}],"about":[{"href":"https:\/\/portalv1.com.br\/api\/wp\/v2\/types\/post"}],"author":[{"embeddable":true,"href":"https:\/\/portalv1.com.br\/api\/wp\/v2\/users\/1"}],"replies":[{"embeddable":true,"href":"https:\/\/portalv1.com.br\/api\/wp\/v2\/comments?post=76463"}],"version-history":[{"count":0,"href":"https:\/\/portalv1.com.br\/api\/wp\/v2\/posts\/76463\/revisions"}],"wp:featuredmedia":[{"embeddable":true,"href":"https:\/\/portalv1.com.br\/api\/wp\/v2\/media\/71926"}],"wp:attachment":[{"href":"https:\/\/portalv1.com.br\/api\/wp\/v2\/media?parent=76463"}],"wp:term":[{"taxonomy":"category","embeddable":true,"href":"https:\/\/portalv1.com.br\/api\/wp\/v2\/categories?post=76463"},{"taxonomy":"post_tag","embeddable":true,"href":"https:\/\/portalv1.com.br\/api\/wp\/v2\/tags?post=76463"}],"curies":[{"name":"wp","href":"https:\/\/api.w.org\/{rel}","templated":true}]}}