{"id":76568,"date":"2019-09-03T15:49:57","date_gmt":"2019-09-03T18:49:57","guid":{"rendered":"https:\/\/portalv1.com.br\/?p=76568"},"modified":"2019-09-03T15:49:57","modified_gmt":"2019-09-03T18:49:57","slug":"ex-prefeito-de-novo-oriente-e-denunciado-a-justica-federal","status":"publish","type":"post","link":"https:\/\/portalv1.com.br\/ex-prefeito-de-novo-oriente-e-denunciado-a-justica-federal\/","title":{"rendered":"Ex-prefeito de Novo Oriente \u00e9 denunciado \u00e0 Justi\u00e7a Federal"},"content":{"rendered":"<figure id=\"attachment_60309\" aria-describedby=\"caption-attachment-60309\" style=\"width: 640px\" class=\"wp-caption aligncenter\"><a href=\"https:\/\/portalv1.com.br\/app\/wp-content\/uploads\/2018\/08\/marcos-venicius.jpg\"><img loading=\"lazy\" decoding=\"async\" class=\"size-large wp-image-60309\" src=\"https:\/\/portalv1.com.br\/app\/wp-content\/uploads\/2018\/08\/marcos-venicius-640x427.jpg\" alt=\"\" width=\"640\" height=\"427\" srcset=\"https:\/\/portalv1.com.br\/app\/wp-content\/uploads\/2018\/08\/marcos-venicius-640x427.jpg 640w, https:\/\/portalv1.com.br\/app\/wp-content\/uploads\/2018\/08\/marcos-venicius-300x200.jpg 300w, https:\/\/portalv1.com.br\/app\/wp-content\/uploads\/2018\/08\/marcos-venicius.jpg 750w\" sizes=\"auto, (max-width: 640px) 100vw, 640px\" \/><\/a><figcaption id=\"caption-attachment-60309\" class=\"wp-caption-text\">Marcos Vinicius<\/figcaption><\/figure>\n<p>O Minist\u00e9rio P\u00fablico Federal denunciou o secret\u00e1rio de governo de Valen\u00e7a, Marcos Vinicius Cunha Dias em a\u00e7\u00e3o civil de improbidade administrativa, quando o mesmo exercia o cargo de prefeito em Novo Oriente. Ele \u00e9 acusado de deixar de prestar contas no prazo estipulado do conv\u00eanio firmado entre a prefeitura de Novo Oriente e o FNDE no valor de R$ 940,498,30 destinados a constru\u00e7\u00e3o de uma creche no bairro Gil Marques, atrav\u00e9s do programa Pr\u00f3 inf\u00e2ncia.<\/p>\n<p>O convenio vigeu no per\u00edodo de 30 de maio de 2008 a 12 de dezembro de 2015 e tinha 60 dias para a presta\u00e7\u00e3o de contas. A prefeitura tinha at\u00e9 o dia 10 de fevereiro de 2016 para cumprir sua obriga\u00e7\u00e3o de prestar contas ao FNDE apontou o Minist\u00e9rio P\u00fablico.<\/p>\n<p>\u201cContudo, j\u00e1 ultrapassado o referido prazo final em mais de 03 anos, o ex-gestor ainda n\u00e3o realizou essa obriga\u00e7\u00e3o, por esse motivo, houve omiss\u00e3o no dever de prestar contas, apesar de sua regular notifica\u00e7\u00e3o\u201d apontou o Minist\u00e9rio P\u00fablico.<\/p>\n<p>O procurar da Republica Patrick Emmanuel da Silva Nilo pediu a Justi\u00e7a Federal o recebimento da denuncia e a condena\u00e7\u00e3o do ex-prefeito nas san\u00e7\u00f5es previstas no art.12, III da Lei de Improbidade Administrativa, que prever a suspens\u00e3o dos direitos pol\u00edticos, perda da fun\u00e7\u00e3o p\u00fablica, ressarcimento do dano, multa civil e a proibi\u00e7\u00e3o de contratar com o Poder P\u00fablico. a a\u00e7\u00e3o foi ajuizada no dia 29 de agosto na ultima quarta-feira na Vara Federal Civil e Criminal da Subse\u00e7\u00e3o Judiciaria de Picos.<\/p>\n<p>Outro lado<\/p>\n<p>O ex-prefeito n\u00e3o foi localizado para comentar a mat\u00e9ria<\/p>\n<p>Fonte: GP1<\/p>\n","protected":false},"excerpt":{"rendered":"<p>O Minist\u00e9rio P\u00fablico Federal denunciou o secret\u00e1rio de governo de Valen\u00e7a, Marcos Vinicius Cunha Dias em a\u00e7\u00e3o civil de improbidade administrativa, quando o mesmo exercia o cargo de prefeito em&#8230;<\/p>\n","protected":false},"author":1,"featured_media":60309,"comment_status":"open","ping_status":"open","sticky":false,"template":"","format":"standard","meta":{"ngg_post_thumbnail":0,"footnotes":""},"categories":[12],"tags":[],"class_list":["post-76568","post","type-post","status-publish","format-standard","has-post-thumbnail","hentry","category-valenca-news"],"views":1459,"meta_data":{"thumb":"https:\/\/portalv1.com.br\/app\/wp-content\/uploads\/2018\/08\/marcos-venicius.jpg","imagem":{"fullsize":{"url":"https:\/\/portalv1.com.br\/app\/wp-content\/uploads\/2018\/08\/marcos-venicius.jpg","width":750,"height":500},"thumbnail":{"url":"https:\/\/portalv1.com.br\/app\/wp-content\/uploads\/2018\/08\/marcos-venicius-100x100.jpg","width":100,"height":100},"medium":{"url":"https:\/\/portalv1.com.br\/app\/wp-content\/uploads\/2018\/08\/marcos-venicius-300x200.jpg","width":300,"height":200},"large":{"url":"https:\/\/portalv1.com.br\/app\/wp-content\/uploads\/2018\/08\/marcos-venicius-640x427.jpg","width":640,"height":427}},"data":{"simple":"03\/09\/2019","date_time":"03\/09\/2019 12:49:57","date":"h\u00e1 7 anos"},"chapeu":"Veja detalhes ","source":"m_destacada"},"_links":{"self":[{"href":"https:\/\/portalv1.com.br\/api\/wp\/v2\/posts\/76568","targetHints":{"allow":["GET"]}}],"collection":[{"href":"https:\/\/portalv1.com.br\/api\/wp\/v2\/posts"}],"about":[{"href":"https:\/\/portalv1.com.br\/api\/wp\/v2\/types\/post"}],"author":[{"embeddable":true,"href":"https:\/\/portalv1.com.br\/api\/wp\/v2\/users\/1"}],"replies":[{"embeddable":true,"href":"https:\/\/portalv1.com.br\/api\/wp\/v2\/comments?post=76568"}],"version-history":[{"count":0,"href":"https:\/\/portalv1.com.br\/api\/wp\/v2\/posts\/76568\/revisions"}],"wp:featuredmedia":[{"embeddable":true,"href":"https:\/\/portalv1.com.br\/api\/wp\/v2\/media\/60309"}],"wp:attachment":[{"href":"https:\/\/portalv1.com.br\/api\/wp\/v2\/media?parent=76568"}],"wp:term":[{"taxonomy":"category","embeddable":true,"href":"https:\/\/portalv1.com.br\/api\/wp\/v2\/categories?post=76568"},{"taxonomy":"post_tag","embeddable":true,"href":"https:\/\/portalv1.com.br\/api\/wp\/v2\/tags?post=76568"}],"curies":[{"name":"wp","href":"https:\/\/api.w.org\/{rel}","templated":true}]}}