{"id":76569,"date":"2019-09-04T08:08:12","date_gmt":"2019-09-04T11:08:12","guid":{"rendered":"https:\/\/portalv1.com.br\/?p=76569"},"modified":"2019-09-04T10:13:36","modified_gmt":"2019-09-04T13:13:36","slug":"julgamento-dos-vereadores-de-valenca-foi-adiado-para-o-dia-17-de-setembro","status":"publish","type":"post","link":"https:\/\/portalv1.com.br\/julgamento-dos-vereadores-de-valenca-foi-adiado-para-o-dia-17-de-setembro\/","title":{"rendered":"Julgamento dos vereadores de Valen\u00e7a foi adiado para o dia 17 de setembro"},"content":{"rendered":"<figure id=\"attachment_69404\" aria-describedby=\"caption-attachment-69404\" style=\"width: 640px\" class=\"wp-caption aligncenter\"><a href=\"https:\/\/portalv1.com.br\/app\/wp-content\/uploads\/2019\/03\/xfachada-tse.jpg.pagespeed.ic_.4ln52a1Snj.jpg\"><img loading=\"lazy\" decoding=\"async\" class=\"size-large wp-image-69404\" src=\"https:\/\/portalv1.com.br\/app\/wp-content\/uploads\/2019\/03\/xfachada-tse.jpg.pagespeed.ic_.4ln52a1Snj-640x360.jpg\" alt=\"\" width=\"640\" height=\"360\" srcset=\"https:\/\/portalv1.com.br\/app\/wp-content\/uploads\/2019\/03\/xfachada-tse.jpg.pagespeed.ic_.4ln52a1Snj-640x360.jpg 640w, https:\/\/portalv1.com.br\/app\/wp-content\/uploads\/2019\/03\/xfachada-tse.jpg.pagespeed.ic_.4ln52a1Snj-300x169.jpg 300w, https:\/\/portalv1.com.br\/app\/wp-content\/uploads\/2019\/03\/xfachada-tse.jpg.pagespeed.ic_.4ln52a1Snj.jpg 666w\" sizes=\"auto, (max-width: 640px) 100vw, 640px\" \/><\/a><figcaption id=\"caption-attachment-69404\" class=\"wp-caption-text\">Tribunal Superior Eleitoral<\/figcaption><\/figure>\n<p>Ap\u00f3s voto-vista do ministro Og Fernandes na sess\u00e3o jurisdicional desta ter\u00e7a-feira (3), o Plen\u00e1rio do Tribunal Superior Eleitoral (TSE) acordou em adiar, para o pr\u00f3ximo dia 17, o julgamento que decidir\u00e1 sobre a cassa\u00e7\u00e3o e inelegibilidade de seis vereadores eleitos em 2016 na cidade de Valen\u00e7a do Piau\u00ed.<\/p>\n<p>O adiamento foi motivado pelo prolongamento da sess\u00e3o e foi sugerido pela ministra Rosa Weber presidenta do Tribunal Superior Eleitoral.<\/p>\n<p>Na an\u00e1lise do tribunal piauiense, elas sequer fizeram campanha eleitoral, sendo que uma das candidatas nem chegou a comparecer \u00e0s urnas no dia da elei\u00e7\u00e3o, e outra que compareceu n\u00e3o obteve nenhum voto.No voto-vista apresentado nesta ter\u00e7a, o ministro Og Fernandes acompanhou parcialmente o relator do caso, ministro Jorge Mussi, quanto ao cabimento da A\u00e7\u00e3o de Investiga\u00e7\u00e3o Judicial Eleitoral (Aije) para apurar a fraude, pela rejei\u00e7\u00e3o da preliminar de litiscons\u00f3rcio passivo, pela constata\u00e7\u00e3o de aus\u00eancia de v\u00ednculo com a chapa majorit\u00e1ria e pelo reconhecimento de fraude envolvendo cinco candidaturas femininas.<\/p>\n<p>Por outro lado, Og Fernandes acompanhou a diverg\u00eancia inaugurada pelo ministro Edson Fachin na sess\u00e3o do dia 22 de maio deste ano no tocante \u00e0 condena\u00e7\u00e3o de apenas dois candidatos envolvidos diretamente na fraude Leonardo Nogueira Pereira cuja sua m\u00e3e era candidata e Ant\u00f4nio Gomes da Rocha que tinha sua mulher com candidata.<\/p>\n<p>No entanto, Fernandes divergiu de Fachin sobre o n\u00e3o envolvimento da candidata Magali da Costa e quanto \u00e0 necessidade de rec\u00e1lculo do quociente eleitoral.<\/p>\n<p>Por fim, o ministro Og Fernandes divergiu do relator e do ministro Fachin para afastar a possibilidade de declarar a inelegibilidade dos envolvidos, dada a natureza diversa da apura\u00e7\u00e3o do caso, realizada por meio de Aije.<\/p>\n<p>O est\u00edmulo \u00e0 participa\u00e7\u00e3o feminina por meio da chamada cota de g\u00eanero est\u00e1 previsto no artigo 10, par\u00e1grafo 3\u00ba, da Lei n\u00ba 9.504\/1997 (Lei das Elei\u00e7\u00f5es). Segundo o dispositivo, cada partido ou coliga\u00e7\u00e3o preencher\u00e1 o m\u00ednimo de 30% e o m\u00e1ximo de 70% para candidaturas de cada sexo, nas elei\u00e7\u00f5es para a C\u00e2mara dos Deputados, C\u00e2mara Legislativa, assembleias legislativas e c\u00e2maras municipais.<\/p>\n<p>Com a decis\u00e3o desta ter\u00e7a-feira (03), o julgamento ser\u00e1 novamente pautado para o dia 17 de setembro. Por determina\u00e7\u00e3o da ministra presidenta, ele ser\u00e1 o \u00fanico processo que ser\u00e1 julgado nesse dia.<\/p>\n<p>Fonte: ascom tse<\/p>\n","protected":false},"excerpt":{"rendered":"<p>Ap\u00f3s voto-vista do ministro Og Fernandes na sess\u00e3o jurisdicional desta ter\u00e7a-feira (3), o Plen\u00e1rio do Tribunal Superior Eleitoral (TSE) acordou em adiar, para o pr\u00f3ximo dia 17, o julgamento que&#8230;<\/p>\n","protected":false},"author":1,"featured_media":69404,"comment_status":"open","ping_status":"open","sticky":false,"template":"","format":"standard","meta":{"ngg_post_thumbnail":0,"footnotes":""},"categories":[12],"tags":[],"class_list":["post-76569","post","type-post","status-publish","format-standard","has-post-thumbnail","hentry","category-valenca-news"],"views":621,"meta_data":{"thumb":"https:\/\/portalv1.com.br\/app\/wp-content\/uploads\/2019\/03\/xfachada-tse.jpg.pagespeed.ic_.4ln52a1Snj.jpg","imagem":{"fullsize":{"url":"https:\/\/portalv1.com.br\/app\/wp-content\/uploads\/2019\/03\/xfachada-tse.jpg.pagespeed.ic_.4ln52a1Snj.jpg","width":666,"height":375},"thumbnail":{"url":"https:\/\/portalv1.com.br\/app\/wp-content\/uploads\/2019\/03\/xfachada-tse.jpg.pagespeed.ic_.4ln52a1Snj-100x100.jpg","width":100,"height":100},"medium":{"url":"https:\/\/portalv1.com.br\/app\/wp-content\/uploads\/2019\/03\/xfachada-tse.jpg.pagespeed.ic_.4ln52a1Snj-300x169.jpg","width":300,"height":169},"large":{"url":"https:\/\/portalv1.com.br\/app\/wp-content\/uploads\/2019\/03\/xfachada-tse.jpg.pagespeed.ic_.4ln52a1Snj-640x360.jpg","width":640,"height":360}},"data":{"simple":"04\/09\/2019","date_time":"04\/09\/2019 05:08:12","date":"h\u00e1 7 anos"},"chapeu":"Veja detalhes ","source":"slide"},"_links":{"self":[{"href":"https:\/\/portalv1.com.br\/api\/wp\/v2\/posts\/76569","targetHints":{"allow":["GET"]}}],"collection":[{"href":"https:\/\/portalv1.com.br\/api\/wp\/v2\/posts"}],"about":[{"href":"https:\/\/portalv1.com.br\/api\/wp\/v2\/types\/post"}],"author":[{"embeddable":true,"href":"https:\/\/portalv1.com.br\/api\/wp\/v2\/users\/1"}],"replies":[{"embeddable":true,"href":"https:\/\/portalv1.com.br\/api\/wp\/v2\/comments?post=76569"}],"version-history":[{"count":0,"href":"https:\/\/portalv1.com.br\/api\/wp\/v2\/posts\/76569\/revisions"}],"wp:featuredmedia":[{"embeddable":true,"href":"https:\/\/portalv1.com.br\/api\/wp\/v2\/media\/69404"}],"wp:attachment":[{"href":"https:\/\/portalv1.com.br\/api\/wp\/v2\/media?parent=76569"}],"wp:term":[{"taxonomy":"category","embeddable":true,"href":"https:\/\/portalv1.com.br\/api\/wp\/v2\/categories?post=76569"},{"taxonomy":"post_tag","embeddable":true,"href":"https:\/\/portalv1.com.br\/api\/wp\/v2\/tags?post=76569"}],"curies":[{"name":"wp","href":"https:\/\/api.w.org\/{rel}","templated":true}]}}