{"id":7670,"date":"2011-03-08T12:18:00","date_gmt":"2011-03-08T15:18:00","guid":{"rendered":"https:\/\/portalv1.com.br\/?p=7670"},"modified":"2014-03-14T13:24:17","modified_gmt":"2014-03-14T16:24:17","slug":"presidenta-ielva-melao-envia-mensagem-as-mulheres-em-seu-dia","status":"publish","type":"post","link":"https:\/\/portalv1.com.br\/presidenta-ielva-melao-envia-mensagem-as-mulheres-em-seu-dia\/","title":{"rendered":"Presidenta Ielva Mel\u00e3o envia mensagem \u00e0s mulheres em seu dia"},"content":{"rendered":"<figure id=\"attachment_7562\" aria-describedby=\"caption-attachment-7562\" style=\"width: 300px\" class=\"wp-caption alignright\"><a href=\"https:\/\/portalv1.com.br\/app\/wp-content\/uploads\/2011\/03\/Ielva-Mel\u00e3o.jpg\"><img loading=\"lazy\" decoding=\"async\" class=\"size-full wp-image-7562\" title=\"Ielva Mel\u00e3o\" src=\"https:\/\/portalv1.com.br\/app\/wp-content\/uploads\/2011\/03\/Ielva-Mel\u00e3o.jpg\" alt=\"\" width=\"300\" height=\"183\" \/><\/a><figcaption id=\"caption-attachment-7562\" class=\"wp-caption-text\">presidenta Ielva Mel\u00e3o <\/figcaption><\/figure>\n<p>Mulher Valenciana<br \/>\nQue traz beleza e luz aos dias mais dif\u00edceis. Que divide sua alma em duas para carregar tamanha sensibilidade e for\u00e7a. Que ganha o mundo com sua coragem. Que traz paix\u00e3o no olhar. Valenciana, que luta pelos seus ideais, Que d\u00e1 a vida pela sua fam\u00edlia Mulher que ama incondicionalmente, que se arruma se perfuma que vence o cansa\u00e7o Mulher que chora e que ri Mulher que sonha.<\/p>\n<p>Tantas Mulheres, belezas \u00fanicas, vivas, Cheias de mist\u00e9rios e encanto!<br \/>\nMulheres valencianas que deveriam ser lembradas, amadas, admiradas todos os dias e n\u00e3o s\u00f3 neste dia 08 de mar\u00e7o.<\/p>\n<p>Para voc\u00ea, Mulher Valenciana t\u00e3o especial abrimos nosso cora\u00e7\u00e3o e reafirmamos nossa garra e determina\u00e7\u00e3o em continuar lutando e vencendo todas as barreiras ainda impostas pela nossa sociedade.<\/p>\n<p>\u201cA proveito a oportunidade para convidar a todas as mulheres valencianas para uma sess\u00e3o solene na C\u00e2mara Municipal, dia 14 de mar\u00e7o em homenagem ao Dia Internacional da Mulher\u201d <em> <\/em><\/p>\n","protected":false},"excerpt":{"rendered":"<p>Mulher Valenciana Que traz beleza e luz aos dias mais dif\u00edceis. Que divide sua alma em duas para carregar tamanha sensibilidade e for\u00e7a. Que ganha o mundo com sua coragem&#8230;.<\/p>\n","protected":false},"author":10,"featured_media":0,"comment_status":"open","ping_status":"open","sticky":false,"template":"","format":"standard","meta":{"ngg_post_thumbnail":0,"footnotes":""},"categories":[242],"tags":[],"class_list":["post-7670","post","type-post","status-publish","format-standard","hentry","category-tecnologia"],"views":470,"meta_data":{"thumb":"https:\/\/portalv1.com.br\/app\/wp-content\/uploads\/2011\/03\/Ielva-Mel\u00e3o.jpg","data":{"simple":"08\/03\/2011","date_time":"08\/03\/2011 09:18:00","date":"h\u00e1 15 anos"},"chapeu":"","source":""},"_links":{"self":[{"href":"https:\/\/portalv1.com.br\/api\/wp\/v2\/posts\/7670","targetHints":{"allow":["GET"]}}],"collection":[{"href":"https:\/\/portalv1.com.br\/api\/wp\/v2\/posts"}],"about":[{"href":"https:\/\/portalv1.com.br\/api\/wp\/v2\/types\/post"}],"author":[{"embeddable":true,"href":"https:\/\/portalv1.com.br\/api\/wp\/v2\/users\/10"}],"replies":[{"embeddable":true,"href":"https:\/\/portalv1.com.br\/api\/wp\/v2\/comments?post=7670"}],"version-history":[{"count":0,"href":"https:\/\/portalv1.com.br\/api\/wp\/v2\/posts\/7670\/revisions"}],"wp:attachment":[{"href":"https:\/\/portalv1.com.br\/api\/wp\/v2\/media?parent=7670"}],"wp:term":[{"taxonomy":"category","embeddable":true,"href":"https:\/\/portalv1.com.br\/api\/wp\/v2\/categories?post=7670"},{"taxonomy":"post_tag","embeddable":true,"href":"https:\/\/portalv1.com.br\/api\/wp\/v2\/tags?post=7670"}],"curies":[{"name":"wp","href":"https:\/\/api.w.org\/{rel}","templated":true}]}}