{"id":7697,"date":"2011-03-10T16:18:01","date_gmt":"2011-03-10T19:18:01","guid":{"rendered":"https:\/\/portalv1.com.br\/?p=7697"},"modified":"2011-03-13T09:18:12","modified_gmt":"2011-03-13T12:18:12","slug":"radialistas-elegerao-sua-nova-diretoria-estadual","status":"publish","type":"post","link":"https:\/\/portalv1.com.br\/radialistas-elegerao-sua-nova-diretoria-estadual\/","title":{"rendered":"Radialistas eleger\u00e3o sua nova diretoria estadual"},"content":{"rendered":"<p><em><a href=\"https:\/\/portalv1.com.br\/app\/wp-content\/uploads\/2011\/03\/apcdep.jpg\"><img loading=\"lazy\" decoding=\"async\" class=\"alignright size-full wp-image-7698\" title=\"apcdep\" src=\"https:\/\/portalv1.com.br\/app\/wp-content\/uploads\/2011\/03\/apcdep.jpg\" alt=\"\" width=\"300\" height=\"183\" \/><\/a><\/em>Est\u00e1 confirmada para o dia 26 de fevereiro das 08 \u00e1s 17h a elei\u00e7\u00e3o de renova\u00e7\u00e3o da diretoria do Sindicado dos Radialistas do Piaui. A elei\u00e7\u00e3o acontecer\u00e1 na sede do Sindicato Estadual dos Agentes Comunit\u00e1rios de Sa\u00fade e de Endemias (SINDEACS-PI), que fica localizado na Rua Regente Feij\u00f3, 735 \u2013 Cabral. Concorre ao pleito eleitoral o radialista Manoel Ramos.<\/p>\n<p>O radialista Sergio Alves (portalv1) concorre como vice-presidente. A comiss\u00e3o eleitoral \u00e9 presidida pelo secret\u00e1rio estadual da For\u00e7a Sindical no Piaui e presidente do SINDEACS-PI, Cruz Castro. Podem se filiar ao sindicato todos os radialistas piauienses que tenham registro profissional.<\/p>\n","protected":false},"excerpt":{"rendered":"<p>Est\u00e1 confirmada para o dia 26 de fevereiro das 08 \u00e1s 17h a elei\u00e7\u00e3o de renova\u00e7\u00e3o da diretoria do Sindicado dos Radialistas do Piaui. A elei\u00e7\u00e3o acontecer\u00e1 na sede do&#8230;<\/p>\n","protected":false},"author":1,"featured_media":0,"comment_status":"open","ping_status":"open","sticky":false,"template":"","format":"standard","meta":{"ngg_post_thumbnail":0,"footnotes":""},"categories":[12],"tags":[],"class_list":["post-7697","post","type-post","status-publish","format-standard","hentry","category-valenca-news"],"views":548,"meta_data":{"thumb":"https:\/\/portalv1.com.br\/app\/wp-content\/uploads\/2011\/03\/apcdep.jpg","data":{"simple":"10\/03\/2011","date_time":"10\/03\/2011 13:18:01","date":"h\u00e1 15 anos"},"chapeu":"","source":""},"_links":{"self":[{"href":"https:\/\/portalv1.com.br\/api\/wp\/v2\/posts\/7697","targetHints":{"allow":["GET"]}}],"collection":[{"href":"https:\/\/portalv1.com.br\/api\/wp\/v2\/posts"}],"about":[{"href":"https:\/\/portalv1.com.br\/api\/wp\/v2\/types\/post"}],"author":[{"embeddable":true,"href":"https:\/\/portalv1.com.br\/api\/wp\/v2\/users\/1"}],"replies":[{"embeddable":true,"href":"https:\/\/portalv1.com.br\/api\/wp\/v2\/comments?post=7697"}],"version-history":[{"count":0,"href":"https:\/\/portalv1.com.br\/api\/wp\/v2\/posts\/7697\/revisions"}],"wp:attachment":[{"href":"https:\/\/portalv1.com.br\/api\/wp\/v2\/media?parent=7697"}],"wp:term":[{"taxonomy":"category","embeddable":true,"href":"https:\/\/portalv1.com.br\/api\/wp\/v2\/categories?post=7697"},{"taxonomy":"post_tag","embeddable":true,"href":"https:\/\/portalv1.com.br\/api\/wp\/v2\/tags?post=7697"}],"curies":[{"name":"wp","href":"https:\/\/api.w.org\/{rel}","templated":true}]}}