{"id":770,"date":"2009-06-03T12:50:25","date_gmt":"2009-06-03T15:50:25","guid":{"rendered":"https:\/\/portalv1.com.br\/?p=770"},"modified":"2009-06-03T12:54:03","modified_gmt":"2009-06-03T15:54:03","slug":"a-autoridade-agora-e-do-juiz-2","status":"publish","type":"post","link":"https:\/\/portalv1.com.br\/a-autoridade-agora-e-do-juiz-2\/","title":{"rendered":"A AUTORIDADE AGORA \u00c9 DO JUIZ!"},"content":{"rendered":"<p class=\"tj\"><span>Tenho observado\u00a0que a seguran\u00e7a p\u00fablica est\u00e1 muito vigilante na preven\u00e7\u00e3o e no combate \u00e0 delinq\u00fc\u00eancia que vem assustando a popula\u00e7\u00e3o de Valen\u00e7a. Neste ultimo final de semana vi os organismos policiais unidos numa varredura por toda a cidade buscando flagrar e prender os transgressores da lei. <\/span><span>O que se comenta com rela\u00e7\u00e3o aos menores \u00e9 aterrorizante, sobretudo no que diz respeito ao consumo de drogas il\u00edcitas, \u00e1lcool e tamb\u00e9m corrup\u00e7\u00e3o de menores no sentido mais amplo da express\u00e3o. <\/span><span>Com rela\u00e7\u00e3o a eles h\u00e1 uma Portaria de n\u00ba 167\/2007 do MM Juiz da Comarca, Dr. Wagner Linhares, determinando \u201ceficaz vigil\u00e2ncia\u201d das autoridades policiais e mandando que se recolham ao Conselho Tutelar aqueles que forem encontrados depois da meia noite desacompanhados dos pais ou respons\u00e1veis ou em atitudes suspeitas,<\/span><span> nos bares, casas noturnas e similares. Com respeito aos propriet\u00e1rios dos estabelecimentos comerciais, o Ten. Santos informou que aquele que vender, ou o maior que estiver numa mesa de bar ou similar consumindo bebida alco\u00f3lica com menores,\u00a0todos ser\u00e3o conduzidos \u00e0s barras da justi\u00e7a. <span>\u00a0<\/span>Esta situa\u00e7\u00e3o de descontrole social vem<\/span><span> tirando os cabelos de muitos pais de fam\u00edlia e tamb\u00e9m das autoridades em todos os n\u00edveis. Por esta causa, a maioria do povo aprova essa providencia, por entender que \u00e9 uma forma de preservar a integridade dos menores em rela\u00e7\u00e3o a esta situa\u00e7\u00e3o de risco. O Dr. Wagner Linhares nas Comarcas por onde tem passado deixa o registro de aplicar o princ\u00edpio da providencia judicial protetiva da crian\u00e7a e do adolescente, n\u00e3o permite que tudo vire uma \u201czorra\u201d diante da omiss\u00e3o da fam\u00edlia ou mesmo pela pr\u00f3pria conduta temer\u00e1ria do adolescente. O certo mesmo \u00e9 que muitos j\u00e1 perderam o controle dos filhos e de fato precisam agora da prote\u00e7\u00e3o do Estado para retirada deles desta conjuntura de exposi\u00e7\u00e3o \u00e0s drogas e \u00e0 prostitui\u00e7\u00e3o. Recolher e entregar ao Conselho Tutelar pode at\u00e9 ser um choque, mas ser\u00e1 tamb\u00e9m um al\u00edvio para quem h\u00e1 muito j\u00e1 perdeu a autoridade e n\u00e3o pode mais dominar a rebeldia. Neste caso n\u00e3o h\u00e1 o que se discutir, o controle do judici\u00e1rio \u00e9 um imperativo. Que a Portaria do Dr. Wagner seja cumprida \u00e9 o que mais essas fam\u00edlias esperam. A juventude, mesmo que se rebele neste primeiro instante, precisa de uma b\u00fassola e um destino para\u00a0indicar onde ela quer chegar, e como agora falta autoridade em casa, \u00e9 do JUIZ <span>\u00a0<\/span>que ela deve brotar, e logo.<\/span><\/p>\n<p class=\"MsoNormal\"><span><span>\u00a0gregorioveloso@hotmail.com<\/span><\/span><\/p>\n","protected":false},"excerpt":{"rendered":"<p>Tenho observado\u00a0que a seguran\u00e7a p\u00fablica est\u00e1 muito vigilante na preven\u00e7\u00e3o e no combate \u00e0 delinq\u00fc\u00eancia que vem assustando a popula\u00e7\u00e3o de Valen\u00e7a. Neste ultimo final de semana vi os organismos&#8230;<\/p>\n","protected":false},"author":1,"featured_media":0,"comment_status":"open","ping_status":"open","sticky":false,"template":"","format":"standard","meta":{"ngg_post_thumbnail":0,"footnotes":""},"categories":[],"tags":[],"class_list":["post-770","post","type-post","status-publish","format-standard","hentry"],"views":449,"meta_data":{"thumb":null,"imagem":null,"data":{"simple":"03\/06\/2009","date_time":"03\/06\/2009 09:50:25","date":"h\u00e1 17 anos"},"chapeu":"","source":""},"_links":{"self":[{"href":"https:\/\/portalv1.com.br\/api\/wp\/v2\/posts\/770","targetHints":{"allow":["GET"]}}],"collection":[{"href":"https:\/\/portalv1.com.br\/api\/wp\/v2\/posts"}],"about":[{"href":"https:\/\/portalv1.com.br\/api\/wp\/v2\/types\/post"}],"author":[{"embeddable":true,"href":"https:\/\/portalv1.com.br\/api\/wp\/v2\/users\/1"}],"replies":[{"embeddable":true,"href":"https:\/\/portalv1.com.br\/api\/wp\/v2\/comments?post=770"}],"version-history":[{"count":0,"href":"https:\/\/portalv1.com.br\/api\/wp\/v2\/posts\/770\/revisions"}],"wp:attachment":[{"href":"https:\/\/portalv1.com.br\/api\/wp\/v2\/media?parent=770"}],"wp:term":[{"taxonomy":"category","embeddable":true,"href":"https:\/\/portalv1.com.br\/api\/wp\/v2\/categories?post=770"},{"taxonomy":"post_tag","embeddable":true,"href":"https:\/\/portalv1.com.br\/api\/wp\/v2\/tags?post=770"}],"curies":[{"name":"wp","href":"https:\/\/api.w.org\/{rel}","templated":true}]}}