{"id":77392,"date":"2019-09-18T13:25:20","date_gmt":"2019-09-18T16:25:20","guid":{"rendered":"https:\/\/portalv1.com.br\/?p=77392"},"modified":"2019-09-19T07:24:52","modified_gmt":"2019-09-19T10:24:52","slug":"valenca-banco-do-nordeste-realiza-nessa-quinta-projeto-acelera-microcredito","status":"publish","type":"post","link":"https:\/\/portalv1.com.br\/valenca-banco-do-nordeste-realiza-nessa-quinta-projeto-acelera-microcredito\/","title":{"rendered":"Valen\u00e7a: Banco do Nordeste realiza nessa quinta projeto Acelera Microcr\u00e9dito"},"content":{"rendered":"<p><a href=\"https:\/\/portalv1.com.br\/app\/wp-content\/uploads\/2019\/09\/Banco-do-Nordeste-Edit-01.jpg\"><img loading=\"lazy\" decoding=\"async\" class=\"aligncenter size-large wp-image-77393\" src=\"https:\/\/portalv1.com.br\/app\/wp-content\/uploads\/2019\/09\/Banco-do-Nordeste-Edit-01-640x361.jpg\" alt=\"\" width=\"640\" height=\"361\" srcset=\"https:\/\/portalv1.com.br\/app\/wp-content\/uploads\/2019\/09\/Banco-do-Nordeste-Edit-01-640x361.jpg 640w, https:\/\/portalv1.com.br\/app\/wp-content\/uploads\/2019\/09\/Banco-do-Nordeste-Edit-01-300x169.jpg 300w, https:\/\/portalv1.com.br\/app\/wp-content\/uploads\/2019\/09\/Banco-do-Nordeste-Edit-01.jpg 750w\" sizes=\"auto, (max-width: 640px) 100vw, 640px\" \/><\/a>A ag\u00eancia do Banco do Nordeste de Valen\u00e7a realizar\u00e1 nesta quinta-feira (19), a partir das 08h30 no audit\u00f3rio do Sindicato dos Trabalhadores Rurais, o projeto \u201cAcelera Microcr\u00e9dito\u201d com a realiza\u00e7\u00e3o de exposi\u00e7\u00f5es, palestras e outras atividades.<\/p>\n<p>O evento vem sendo realizado pelo Banco do Nordeste em v\u00e1rias cidades do nordeste e no Piau\u00ed a cidade de Valen\u00e7a foi uma das escolhidas devido ao trabalho competente realizado pelas equipes do Crediamigo e Agroamigo.<\/p>\n<p>Na oportunidade, o p\u00fablico que comparecer ao evento poder\u00e1 adquiri produtos comercializados pelos clientes do Crediamigo.<\/p>\n","protected":false},"excerpt":{"rendered":"<p>A ag\u00eancia do Banco do Nordeste de Valen\u00e7a realizar\u00e1 nesta quinta-feira (19), a partir das 08h30 no audit\u00f3rio do Sindicato dos Trabalhadores Rurais, o projeto \u201cAcelera Microcr\u00e9dito\u201d com a realiza\u00e7\u00e3o&#8230;<\/p>\n","protected":false},"author":1,"featured_media":77393,"comment_status":"open","ping_status":"open","sticky":false,"template":"","format":"standard","meta":{"ngg_post_thumbnail":0,"footnotes":""},"categories":[12],"tags":[],"class_list":["post-77392","post","type-post","status-publish","format-standard","has-post-thumbnail","hentry","category-valenca-news"],"views":738,"meta_data":{"thumb":"https:\/\/portalv1.com.br\/app\/wp-content\/uploads\/2019\/09\/Banco-do-Nordeste-Edit-01.jpg","imagem":{"fullsize":{"url":"https:\/\/portalv1.com.br\/app\/wp-content\/uploads\/2019\/09\/Banco-do-Nordeste-Edit-01.jpg","width":750,"height":423},"thumbnail":{"url":"https:\/\/portalv1.com.br\/app\/wp-content\/uploads\/2019\/09\/Banco-do-Nordeste-Edit-01-100x100.jpg","width":100,"height":100},"medium":{"url":"https:\/\/portalv1.com.br\/app\/wp-content\/uploads\/2019\/09\/Banco-do-Nordeste-Edit-01-300x169.jpg","width":300,"height":169},"large":{"url":"https:\/\/portalv1.com.br\/app\/wp-content\/uploads\/2019\/09\/Banco-do-Nordeste-Edit-01-640x361.jpg","width":640,"height":361}},"data":{"simple":"18\/09\/2019","date_time":"18\/09\/2019 10:25:20","date":"h\u00e1 7 anos"},"chapeu":"Veja detalhes ","source":"retirar"},"_links":{"self":[{"href":"https:\/\/portalv1.com.br\/api\/wp\/v2\/posts\/77392","targetHints":{"allow":["GET"]}}],"collection":[{"href":"https:\/\/portalv1.com.br\/api\/wp\/v2\/posts"}],"about":[{"href":"https:\/\/portalv1.com.br\/api\/wp\/v2\/types\/post"}],"author":[{"embeddable":true,"href":"https:\/\/portalv1.com.br\/api\/wp\/v2\/users\/1"}],"replies":[{"embeddable":true,"href":"https:\/\/portalv1.com.br\/api\/wp\/v2\/comments?post=77392"}],"version-history":[{"count":0,"href":"https:\/\/portalv1.com.br\/api\/wp\/v2\/posts\/77392\/revisions"}],"wp:featuredmedia":[{"embeddable":true,"href":"https:\/\/portalv1.com.br\/api\/wp\/v2\/media\/77393"}],"wp:attachment":[{"href":"https:\/\/portalv1.com.br\/api\/wp\/v2\/media?parent=77392"}],"wp:term":[{"taxonomy":"category","embeddable":true,"href":"https:\/\/portalv1.com.br\/api\/wp\/v2\/categories?post=77392"},{"taxonomy":"post_tag","embeddable":true,"href":"https:\/\/portalv1.com.br\/api\/wp\/v2\/tags?post=77392"}],"curies":[{"name":"wp","href":"https:\/\/api.w.org\/{rel}","templated":true}]}}