{"id":77658,"date":"2019-09-26T10:41:13","date_gmt":"2019-09-26T13:41:13","guid":{"rendered":"https:\/\/portalv1.com.br\/?p=77658"},"modified":"2019-09-30T14:00:25","modified_gmt":"2019-09-30T17:00:25","slug":"posse-da-diretoria-estadual-do-sindeacs-sera-dia-03-em-elesbao-veloso","status":"publish","type":"post","link":"https:\/\/portalv1.com.br\/posse-da-diretoria-estadual-do-sindeacs-sera-dia-03-em-elesbao-veloso\/","title":{"rendered":"Posse da diretoria estadual do SINDEACS ser\u00e1 dia 03 em Elesb\u00e3o Veloso"},"content":{"rendered":"<figure id=\"attachment_77659\" aria-describedby=\"caption-attachment-77659\" style=\"width: 640px\" class=\"wp-caption aligncenter\"><a href=\"https:\/\/portalv1.com.br\/app\/wp-content\/uploads\/2019\/09\/Portalv1028Valenca-1.jpg\"><img loading=\"lazy\" decoding=\"async\" class=\"size-full wp-image-77659\" src=\"https:\/\/portalv1.com.br\/app\/wp-content\/uploads\/2019\/09\/Portalv1028Valenca-1.jpg\" alt=\"\" width=\"640\" height=\"427\" srcset=\"https:\/\/portalv1.com.br\/app\/wp-content\/uploads\/2019\/09\/Portalv1028Valenca-1.jpg 640w, https:\/\/portalv1.com.br\/app\/wp-content\/uploads\/2019\/09\/Portalv1028Valenca-1-300x200.jpg 300w\" sizes=\"auto, (max-width: 640px) 100vw, 640px\" \/><\/a><figcaption id=\"caption-attachment-77659\" class=\"wp-caption-text\">Elesb\u00e3o Veloso<\/figcaption><\/figure>\n<p>A diretoria do Sindicato Estadual dos Agentes Comunit\u00e1rios de Sa\u00fade e de Endemias (SINDACS), convida os agentes para solenidade de posse da diretoria estadual que ser\u00e1 realizada na pr\u00f3xima quinta-feira, 03 de outubro \u00e0s 14h no audit\u00f3rio da Prefeitura Municipal de Elesb\u00e3o Veloso.<\/p>\n<p>Na sexta-feira (04), haver\u00e1 comemora\u00e7\u00e3o alusiva ao Dia do Agente Comunit\u00e1rio de Sa\u00fade na Pra\u00e7a em frente ao Banco do Brasil.<\/p>\n<p>O SINDACS ser\u00e1 presidido pelo agente de sa\u00fade, Francisco Oliveira e ter\u00e1 os valencianos Cruz Castro como tesoureiro e a agente de sa\u00fade, Lucidalva Am\u00e2ncio como coordenadora regional do Vale do Sambito.<\/p>\n","protected":false},"excerpt":{"rendered":"<p>A diretoria do Sindicato Estadual dos Agentes Comunit\u00e1rios de Sa\u00fade e de Endemias (SINDACS), convida os agentes para solenidade de posse da diretoria estadual que ser\u00e1 realizada na pr\u00f3xima quinta-feira,&#8230;<\/p>\n","protected":false},"author":1,"featured_media":77659,"comment_status":"open","ping_status":"open","sticky":false,"template":"","format":"standard","meta":{"ngg_post_thumbnail":0,"footnotes":""},"categories":[12],"tags":[],"class_list":["post-77658","post","type-post","status-publish","format-standard","has-post-thumbnail","hentry","category-valenca-news"],"views":437,"meta_data":{"thumb":"https:\/\/portalv1.com.br\/app\/wp-content\/uploads\/2019\/09\/Portalv1028Valenca-1.jpg","imagem":{"fullsize":{"url":"https:\/\/portalv1.com.br\/app\/wp-content\/uploads\/2019\/09\/Portalv1028Valenca-1.jpg","width":640,"height":427},"thumbnail":{"url":"https:\/\/portalv1.com.br\/app\/wp-content\/uploads\/2019\/09\/Portalv1028Valenca-1-100x100.jpg","width":100,"height":100},"medium":{"url":"https:\/\/portalv1.com.br\/app\/wp-content\/uploads\/2019\/09\/Portalv1028Valenca-1-300x200.jpg","width":300,"height":200},"large":{"url":"https:\/\/portalv1.com.br\/app\/wp-content\/uploads\/2019\/09\/Portalv1028Valenca-1-640x427.jpg","width":640,"height":427}},"data":{"simple":"26\/09\/2019","date_time":"26\/09\/2019 07:41:13","date":"h\u00e1 7 anos"},"chapeu":"Veja detalhes ","source":"foto_menor"},"_links":{"self":[{"href":"https:\/\/portalv1.com.br\/api\/wp\/v2\/posts\/77658","targetHints":{"allow":["GET"]}}],"collection":[{"href":"https:\/\/portalv1.com.br\/api\/wp\/v2\/posts"}],"about":[{"href":"https:\/\/portalv1.com.br\/api\/wp\/v2\/types\/post"}],"author":[{"embeddable":true,"href":"https:\/\/portalv1.com.br\/api\/wp\/v2\/users\/1"}],"replies":[{"embeddable":true,"href":"https:\/\/portalv1.com.br\/api\/wp\/v2\/comments?post=77658"}],"version-history":[{"count":0,"href":"https:\/\/portalv1.com.br\/api\/wp\/v2\/posts\/77658\/revisions"}],"wp:featuredmedia":[{"embeddable":true,"href":"https:\/\/portalv1.com.br\/api\/wp\/v2\/media\/77659"}],"wp:attachment":[{"href":"https:\/\/portalv1.com.br\/api\/wp\/v2\/media?parent=77658"}],"wp:term":[{"taxonomy":"category","embeddable":true,"href":"https:\/\/portalv1.com.br\/api\/wp\/v2\/categories?post=77658"},{"taxonomy":"post_tag","embeddable":true,"href":"https:\/\/portalv1.com.br\/api\/wp\/v2\/tags?post=77658"}],"curies":[{"name":"wp","href":"https:\/\/api.w.org\/{rel}","templated":true}]}}