{"id":7809,"date":"2011-03-21T23:09:07","date_gmt":"2011-03-22T02:09:07","guid":{"rendered":"https:\/\/portalv1.com.br\/?p=7809"},"modified":"2011-03-21T23:09:07","modified_gmt":"2011-03-22T02:09:07","slug":"tre-marca-novas-eleicoes-em-mais-duas-cidades-do-piaui","status":"publish","type":"post","link":"https:\/\/portalv1.com.br\/tre-marca-novas-eleicoes-em-mais-duas-cidades-do-piaui\/","title":{"rendered":"TRE marca novas elei\u00e7\u00f5es em mais duas cidades do Piau\u00ed"},"content":{"rendered":"<figure id=\"attachment_5979\" aria-describedby=\"caption-attachment-5979\" style=\"width: 300px\" class=\"wp-caption alignright\"><a href=\"https:\/\/portalv1.com.br\/app\/wp-content\/uploads\/2010\/11\/TREpi.jpg\"><img loading=\"lazy\" decoding=\"async\" class=\"size-full wp-image-5979\" title=\"TREpi\" src=\"https:\/\/portalv1.com.br\/app\/wp-content\/uploads\/2010\/11\/TREpi.jpg\" alt=\"\" width=\"300\" height=\"183\" \/><\/a><figcaption id=\"caption-attachment-5979\" class=\"wp-caption-text\">Presidente do TRE, Raimundo  Eufr\u00e1sio.<\/figcaption><\/figure>\n<p>O TRE-PI determinou hoje 23\/03 a data da realiza\u00e7\u00e3o de elei\u00e7\u00f5es suplementares em Sigefredo Pacheco e Ant\u00f4nio Almeida. Os munic\u00edpios v\u00e3o \u00e0s urnas dia 15 de maio para eleger novos prefeitos ap\u00f3s os eleitos em 2008 serem casados.<\/p>\n<p>O prefeito de Ant\u00f4nio de Almeida Alceb\u00edades Borges do R\u00eago (PR) e o vice, Ant\u00f4nio C\u00e9sar Pereira Damasceno foram cassados acusados de abuso de poder pol\u00edtico, econ\u00f4mico e de autoridade, bem como de compra de votos Tamb\u00e9m havia sido cassado o prefeito de Sigefredo Pacheco Jo\u00e3o Gomes Pereira Neto (PCdoB) e a vice, Francisca de Ara\u00fajo Matos Pereira.<\/p>\n<p>Os dois foram acusados de abuso de poder pol\u00edtico e econ\u00f4mico e compra de votos. Os candidatos das duas cidades ter\u00e3o menos de dois meses para definirem nomes em conven\u00e7\u00f5es e cerca de um m\u00eas para a propaganda eleitoral.<\/p>\n<p>Fonte: 180graus<\/p>\n","protected":false},"excerpt":{"rendered":"<p>O TRE-PI determinou hoje 23\/03 a data da realiza\u00e7\u00e3o de elei\u00e7\u00f5es suplementares em Sigefredo Pacheco e Ant\u00f4nio Almeida. Os munic\u00edpios v\u00e3o \u00e0s urnas dia 15 de maio para eleger novos&#8230;<\/p>\n","protected":false},"author":1,"featured_media":0,"comment_status":"open","ping_status":"open","sticky":false,"template":"","format":"standard","meta":{"ngg_post_thumbnail":0,"footnotes":""},"categories":[243],"tags":[],"class_list":["post-7809","post","type-post","status-publish","format-standard","hentry","category-geral"],"views":592,"meta_data":{"thumb":"https:\/\/portalv1.com.br\/app\/wp-content\/uploads\/2010\/11\/TREpi.jpg","data":{"simple":"21\/03\/2011","date_time":"21\/03\/2011 20:09:07","date":"h\u00e1 15 anos"},"chapeu":"","source":""},"_links":{"self":[{"href":"https:\/\/portalv1.com.br\/api\/wp\/v2\/posts\/7809","targetHints":{"allow":["GET"]}}],"collection":[{"href":"https:\/\/portalv1.com.br\/api\/wp\/v2\/posts"}],"about":[{"href":"https:\/\/portalv1.com.br\/api\/wp\/v2\/types\/post"}],"author":[{"embeddable":true,"href":"https:\/\/portalv1.com.br\/api\/wp\/v2\/users\/1"}],"replies":[{"embeddable":true,"href":"https:\/\/portalv1.com.br\/api\/wp\/v2\/comments?post=7809"}],"version-history":[{"count":0,"href":"https:\/\/portalv1.com.br\/api\/wp\/v2\/posts\/7809\/revisions"}],"wp:attachment":[{"href":"https:\/\/portalv1.com.br\/api\/wp\/v2\/media?parent=7809"}],"wp:term":[{"taxonomy":"category","embeddable":true,"href":"https:\/\/portalv1.com.br\/api\/wp\/v2\/categories?post=7809"},{"taxonomy":"post_tag","embeddable":true,"href":"https:\/\/portalv1.com.br\/api\/wp\/v2\/tags?post=7809"}],"curies":[{"name":"wp","href":"https:\/\/api.w.org\/{rel}","templated":true}]}}