{"id":78434,"date":"2019-10-07T20:32:54","date_gmt":"2019-10-07T23:32:54","guid":{"rendered":"https:\/\/portalv1.com.br\/?p=78434"},"modified":"2019-10-07T20:42:38","modified_gmt":"2019-10-07T23:42:38","slug":"dupla-assalta-farmacia-e-e-presa-pela-pm-em-pimenteiras","status":"publish","type":"post","link":"https:\/\/portalv1.com.br\/dupla-assalta-farmacia-e-e-presa-pela-pm-em-pimenteiras\/","title":{"rendered":"Dupla assalta farm\u00e1cia e \u00e9 presa pela PM em Pimenteiras. Fotos e video"},"content":{"rendered":"<p>Policiais Militares do GPM de Pimenteiras, \u00e1rea da Companhia de Valen\u00e7a realizaram na tarde desta segunda-feira (07), a pris\u00e3o de uma dupla que roubou uma farm\u00e1cia no centro da cidade.<\/p>\n<p>Rondinele Lima de Sousa (24) e o menor A.B.O (17) se dirigiram ao estabelecimento em uma motocicleta furtada na \u00faltima sexta-feira em S\u00e3o Miguel do Tapuio e com emprego de um rev\u00f3lver, renderam as funcion\u00e1rias da farm\u00e1cia e subtra\u00edram smartphones e outros produtos, fugindo logo em seguida.<\/p>\n<p>Ao ser comunicada dos fatos, uma equipe do GPM local iniciou as dilig\u00eancias, que resultaram na localiza\u00e7\u00e3o e consequente pris\u00e3o dos criminosos na regi\u00e3o conhecida como Serra das Mo\u00e7as.<\/p>\n<p>Os criminosos, residentes no estado do Cear\u00e1, foram conduzidos juntamente com todo o material apreendido para a delegacia regional de Valen\u00e7a.<\/p>\n<p><div class=\"content-iframe\" data-content-width=\"600\"><iframe loading=\"lazy\" style=\"border: none; overflow: hidden;\" src=\"https:\/\/www.facebook.com\/plugins\/video.php?href=https%3A%2F%2Fwww.facebook.com%2FSergioAlvesValenca%2Fvideos%2F2498035053576286%2F&amp;show_text=0&amp;width=560\" width=\"560\" height=\"315\" frameborder=\"0\" scrolling=\"no\" allowfullscreen=\"allowfullscreen\"><\/iframe><\/div><\/p>\n<p><a href=\"https:\/\/portalv1.com.br\/app\/wp-content\/uploads\/2019\/10\/2-Copy.jpg\"><img loading=\"lazy\" decoding=\"async\" class=\"aligncenter size-large wp-image-78435\" src=\"https:\/\/portalv1.com.br\/app\/wp-content\/uploads\/2019\/10\/2-Copy-640x311.jpg\" alt=\"\" width=\"640\" height=\"311\" srcset=\"https:\/\/portalv1.com.br\/app\/wp-content\/uploads\/2019\/10\/2-Copy.jpg 640w, https:\/\/portalv1.com.br\/app\/wp-content\/uploads\/2019\/10\/2-Copy-300x146.jpg 300w\" sizes=\"auto, (max-width: 640px) 100vw, 640px\" \/><\/a> <a href=\"https:\/\/portalv1.com.br\/app\/wp-content\/uploads\/2019\/10\/4-Copy.jpg\"><img loading=\"lazy\" decoding=\"async\" class=\"aligncenter size-large wp-image-78437\" src=\"https:\/\/portalv1.com.br\/app\/wp-content\/uploads\/2019\/10\/4-Copy.jpg\" alt=\"\" width=\"360\" height=\"480\" srcset=\"https:\/\/portalv1.com.br\/app\/wp-content\/uploads\/2019\/10\/4-Copy.jpg 360w, https:\/\/portalv1.com.br\/app\/wp-content\/uploads\/2019\/10\/4-Copy-300x400.jpg 300w\" sizes=\"auto, (max-width: 360px) 100vw, 360px\" \/><\/a> <a href=\"https:\/\/portalv1.com.br\/app\/wp-content\/uploads\/2019\/10\/72046002_2679784398915481_5721186649212190720_n-Copy.jpg\"><img loading=\"lazy\" decoding=\"async\" class=\"aligncenter size-large wp-image-78438\" src=\"https:\/\/portalv1.com.br\/app\/wp-content\/uploads\/2019\/10\/72046002_2679784398915481_5721186649212190720_n-Copy.jpg\" alt=\"\" width=\"360\" height=\"480\" srcset=\"https:\/\/portalv1.com.br\/app\/wp-content\/uploads\/2019\/10\/72046002_2679784398915481_5721186649212190720_n-Copy.jpg 360w, https:\/\/portalv1.com.br\/app\/wp-content\/uploads\/2019\/10\/72046002_2679784398915481_5721186649212190720_n-Copy-300x400.jpg 300w\" sizes=\"auto, (max-width: 360px) 100vw, 360px\" \/><\/a><\/p>\n","protected":false},"excerpt":{"rendered":"<p>Policiais Militares do GPM de Pimenteiras, \u00e1rea da Companhia de Valen\u00e7a realizaram na tarde desta segunda-feira (07), a pris\u00e3o de uma dupla que roubou uma farm\u00e1cia no centro da cidade&#8230;.<\/p>\n","protected":false},"author":1,"featured_media":78435,"comment_status":"open","ping_status":"open","sticky":false,"template":"","format":"standard","meta":{"ngg_post_thumbnail":0,"footnotes":""},"categories":[12],"tags":[],"class_list":["post-78434","post","type-post","status-publish","format-standard","has-post-thumbnail","hentry","category-valenca-news"],"views":2050,"meta_data":{"thumb":"https:\/\/portalv1.com.br\/app\/wp-content\/uploads\/2019\/10\/2-Copy.jpg","imagem":{"fullsize":{"url":"https:\/\/portalv1.com.br\/app\/wp-content\/uploads\/2019\/10\/2-Copy.jpg","width":640,"height":311},"thumbnail":{"url":"https:\/\/portalv1.com.br\/app\/wp-content\/uploads\/2019\/10\/2-Copy-100x100.jpg","width":100,"height":100},"medium":{"url":"https:\/\/portalv1.com.br\/app\/wp-content\/uploads\/2019\/10\/2-Copy-300x146.jpg","width":300,"height":146},"large":{"url":"https:\/\/portalv1.com.br\/app\/wp-content\/uploads\/2019\/10\/2-Copy-640x311.jpg","width":640,"height":311}},"data":{"simple":"07\/10\/2019","date_time":"07\/10\/2019 17:32:54","date":"h\u00e1 7 anos"},"chapeu":"Veja detalhes ","source":"slide"},"_links":{"self":[{"href":"https:\/\/portalv1.com.br\/api\/wp\/v2\/posts\/78434","targetHints":{"allow":["GET"]}}],"collection":[{"href":"https:\/\/portalv1.com.br\/api\/wp\/v2\/posts"}],"about":[{"href":"https:\/\/portalv1.com.br\/api\/wp\/v2\/types\/post"}],"author":[{"embeddable":true,"href":"https:\/\/portalv1.com.br\/api\/wp\/v2\/users\/1"}],"replies":[{"embeddable":true,"href":"https:\/\/portalv1.com.br\/api\/wp\/v2\/comments?post=78434"}],"version-history":[{"count":0,"href":"https:\/\/portalv1.com.br\/api\/wp\/v2\/posts\/78434\/revisions"}],"wp:featuredmedia":[{"embeddable":true,"href":"https:\/\/portalv1.com.br\/api\/wp\/v2\/media\/78435"}],"wp:attachment":[{"href":"https:\/\/portalv1.com.br\/api\/wp\/v2\/media?parent=78434"}],"wp:term":[{"taxonomy":"category","embeddable":true,"href":"https:\/\/portalv1.com.br\/api\/wp\/v2\/categories?post=78434"},{"taxonomy":"post_tag","embeddable":true,"href":"https:\/\/portalv1.com.br\/api\/wp\/v2\/tags?post=78434"}],"curies":[{"name":"wp","href":"https:\/\/api.w.org\/{rel}","templated":true}]}}