{"id":7853,"date":"2011-03-28T08:03:05","date_gmt":"2011-03-28T11:03:05","guid":{"rendered":"https:\/\/portalv1.com.br\/?p=7853"},"modified":"2011-03-28T19:19:43","modified_gmt":"2011-03-28T22:19:43","slug":"sindicato-estadual-dos-radialistas-reelege-presidente-manoel-ramos","status":"publish","type":"post","link":"https:\/\/portalv1.com.br\/sindicato-estadual-dos-radialistas-reelege-presidente-manoel-ramos\/","title":{"rendered":"Sindicato Estadual dos Radialistas reelege presidente Manoel Ramos"},"content":{"rendered":"<figure id=\"attachment_7854\" aria-describedby=\"caption-attachment-7854\" style=\"width: 300px\" class=\"wp-caption alignright\"><a href=\"https:\/\/portalv1.com.br\/app\/wp-content\/uploads\/2011\/03\/radialistas.jpg\"><img loading=\"lazy\" decoding=\"async\" class=\"size-full wp-image-7854\" title=\"radialistas\" src=\"https:\/\/portalv1.com.br\/app\/wp-content\/uploads\/2011\/03\/radialistas.jpg\" alt=\"\" width=\"300\" height=\"183\" \/><\/a><figcaption id=\"caption-attachment-7854\" class=\"wp-caption-text\">Radialistas Deusdeth Nunes, Manoel Ramos, Sergio Alves e Cruz Castro da For\u00e7a Sindical<\/figcaption><\/figure>\n<p>O radialista Manoel Ramos foi reeleito neste s\u00e1bado, dia 26 de mar\u00e7o presidente do Sindicato dos Radialistas Profissionais do Estado do Piaui. A elei\u00e7\u00e3o foi realizada na sede do Sindicato Estadual dos Agentes Comunit\u00e1rios de Sa\u00fade e de Endemias, na capital Teresina. Manoel Ramos concorreu \u00e0 elei\u00e7\u00e3o em chapa \u00fanica, juntamente com outros 21 dirigentes.<\/p>\n<p>Entre os nomes da chapa est\u00e3o grandes nomes do radio piauiense como Pedro Alc\u00e2ntara e Sidney Santos (TV Antena 10), Jo\u00e3o Eudes, Walteres Arrais e Yantok Silva da TV Clube, Deusdeth Nunes o Garricha (Jornal O Dia), entre outros.<\/p>\n<p>A regi\u00e3o valenciana est\u00e1 representada pelo radialista Sergio Alves (portalv1), que foi eleito um dos seis vice-presidentes do sindicato e ser\u00e1 o respons\u00e1vel pela macrorregi\u00e3o de Picos. A elei\u00e7\u00e3o foi bastante tranq\u00fcila e teve a coordena\u00e7\u00e3o da For\u00e7a Sindical, na pessoa do representante no estado, o valenciano Cruz Castro.<\/p>\n","protected":false},"excerpt":{"rendered":"<p>O radialista Manoel Ramos foi reeleito neste s\u00e1bado, dia 26 de mar\u00e7o presidente do Sindicato dos Radialistas Profissionais do Estado do Piaui. A elei\u00e7\u00e3o foi realizada na sede do Sindicato&#8230;<\/p>\n","protected":false},"author":1,"featured_media":0,"comment_status":"open","ping_status":"open","sticky":false,"template":"","format":"standard","meta":{"ngg_post_thumbnail":0,"footnotes":""},"categories":[12],"tags":[],"class_list":["post-7853","post","type-post","status-publish","format-standard","hentry","category-valenca-news"],"views":702,"meta_data":{"thumb":"https:\/\/portalv1.com.br\/app\/wp-content\/uploads\/2011\/03\/radialistas.jpg","data":{"simple":"28\/03\/2011","date_time":"28\/03\/2011 05:03:05","date":"h\u00e1 15 anos"},"chapeu":"","source":""},"_links":{"self":[{"href":"https:\/\/portalv1.com.br\/api\/wp\/v2\/posts\/7853","targetHints":{"allow":["GET"]}}],"collection":[{"href":"https:\/\/portalv1.com.br\/api\/wp\/v2\/posts"}],"about":[{"href":"https:\/\/portalv1.com.br\/api\/wp\/v2\/types\/post"}],"author":[{"embeddable":true,"href":"https:\/\/portalv1.com.br\/api\/wp\/v2\/users\/1"}],"replies":[{"embeddable":true,"href":"https:\/\/portalv1.com.br\/api\/wp\/v2\/comments?post=7853"}],"version-history":[{"count":0,"href":"https:\/\/portalv1.com.br\/api\/wp\/v2\/posts\/7853\/revisions"}],"wp:attachment":[{"href":"https:\/\/portalv1.com.br\/api\/wp\/v2\/media?parent=7853"}],"wp:term":[{"taxonomy":"category","embeddable":true,"href":"https:\/\/portalv1.com.br\/api\/wp\/v2\/categories?post=7853"},{"taxonomy":"post_tag","embeddable":true,"href":"https:\/\/portalv1.com.br\/api\/wp\/v2\/tags?post=7853"}],"curies":[{"name":"wp","href":"https:\/\/api.w.org\/{rel}","templated":true}]}}