{"id":79549,"date":"2019-11-03T22:20:14","date_gmt":"2019-11-04T01:20:14","guid":{"rendered":"https:\/\/portalv1.com.br\/?p=79549"},"modified":"2019-11-10T22:19:30","modified_gmt":"2019-11-11T01:19:30","slug":"7o-natal-solidario-de-valenca-sera-dia-14-de-dezembro","status":"publish","type":"post","link":"https:\/\/portalv1.com.br\/7o-natal-solidario-de-valenca-sera-dia-14-de-dezembro\/","title":{"rendered":"7\u00ba Natal Solid\u00e1rio de Valen\u00e7a ser\u00e1 dia 14 de dezembro"},"content":{"rendered":"<figure id=\"attachment_79550\" aria-describedby=\"caption-attachment-79550\" style=\"width: 640px\" class=\"wp-caption aligncenter\"><a href=\"https:\/\/portalv1.com.br\/app\/wp-content\/uploads\/2019\/11\/WhatsApp-Image-2019-11-03-at-20.25.02-Copy.jpeg\"><img loading=\"lazy\" decoding=\"async\" class=\"size-large wp-image-79550\" src=\"https:\/\/portalv1.com.br\/app\/wp-content\/uploads\/2019\/11\/WhatsApp-Image-2019-11-03-at-20.25.02-Copy-640x447.jpeg\" alt=\"\" width=\"640\" height=\"447\" srcset=\"https:\/\/portalv1.com.br\/app\/wp-content\/uploads\/2019\/11\/WhatsApp-Image-2019-11-03-at-20.25.02-Copy.jpeg 640w, https:\/\/portalv1.com.br\/app\/wp-content\/uploads\/2019\/11\/WhatsApp-Image-2019-11-03-at-20.25.02-Copy-300x210.jpeg 300w\" sizes=\"auto, (max-width: 640px) 100vw, 640px\" \/><\/a><figcaption id=\"caption-attachment-79550\" class=\"wp-caption-text\">Natal Solid\u00e1rio<\/figcaption><\/figure>\n<p>Est\u00e1 confirmada para o 14 de dezembro, a realiza\u00e7\u00e3o da 7\u00aa edi\u00e7\u00e3o do Natal Solid\u00e1rio de Valen\u00e7a. O evento \u00e9 uma das mais belas a\u00e7\u00f5es natalinas de nossa cidade e esse ano assim como nos anos anteriores ele ser\u00e1 realizado ao lado da Igreja de S\u00e3o Benedito a partir das 17h.<\/p>\n<p>De acordo com a fisioterapeuta Dr\u00aa Maria dos Rem\u00e9dios uma das coordenadoras do projeto o 7\u00ba Natal Solid\u00e1rio de Valen\u00e7a \u00e9 uma realiza\u00e7\u00e3o da Igreja Cat\u00f3lica de Valen\u00e7a com apoio de volunt\u00e1rios, pessoas f\u00edsicas e jur\u00eddicas do nosso munic\u00edpio.<\/p>\n<p>As doa\u00e7\u00f5es de brinquedos podem ser feitas na Cl\u00ednica Esfera pr\u00f3ximo ao Quartel da Pol\u00edcia Militar ou pelo telefone 89 99982-0857. &nbsp;&nbsp;&nbsp;<\/p>\n","protected":false},"excerpt":{"rendered":"<p>Est\u00e1 confirmada para o 14 de dezembro, a realiza\u00e7\u00e3o da 7\u00aa edi\u00e7\u00e3o do Natal Solid\u00e1rio de Valen\u00e7a. O evento \u00e9 uma das mais belas a\u00e7\u00f5es natalinas de nossa cidade e&#8230;<\/p>\n","protected":false},"author":1,"featured_media":79550,"comment_status":"open","ping_status":"open","sticky":false,"template":"","format":"standard","meta":{"ngg_post_thumbnail":0,"footnotes":""},"categories":[245,12],"tags":[],"class_list":["post-79549","post","type-post","status-publish","format-standard","has-post-thumbnail","hentry","category-entretenimento","category-valenca-news"],"views":1005,"meta_data":{"thumb":"https:\/\/portalv1.com.br\/app\/wp-content\/uploads\/2019\/11\/WhatsApp-Image-2019-11-03-at-20.25.02-Copy.jpeg","imagem":{"fullsize":{"url":"https:\/\/portalv1.com.br\/app\/wp-content\/uploads\/2019\/11\/WhatsApp-Image-2019-11-03-at-20.25.02-Copy.jpeg","width":640,"height":447},"thumbnail":{"url":"https:\/\/portalv1.com.br\/app\/wp-content\/uploads\/2019\/11\/WhatsApp-Image-2019-11-03-at-20.25.02-Copy-100x100.jpeg","width":100,"height":100},"medium":{"url":"https:\/\/portalv1.com.br\/app\/wp-content\/uploads\/2019\/11\/WhatsApp-Image-2019-11-03-at-20.25.02-Copy-300x210.jpeg","width":300,"height":210},"large":{"url":"https:\/\/portalv1.com.br\/app\/wp-content\/uploads\/2019\/11\/WhatsApp-Image-2019-11-03-at-20.25.02-Copy-640x447.jpeg","width":640,"height":447}},"data":{"simple":"03\/11\/2019","date_time":"03\/11\/2019 19:20:14","date":"h\u00e1 6 anos"},"chapeu":"Veja detalhes ","source":"retirar"},"_links":{"self":[{"href":"https:\/\/portalv1.com.br\/api\/wp\/v2\/posts\/79549","targetHints":{"allow":["GET"]}}],"collection":[{"href":"https:\/\/portalv1.com.br\/api\/wp\/v2\/posts"}],"about":[{"href":"https:\/\/portalv1.com.br\/api\/wp\/v2\/types\/post"}],"author":[{"embeddable":true,"href":"https:\/\/portalv1.com.br\/api\/wp\/v2\/users\/1"}],"replies":[{"embeddable":true,"href":"https:\/\/portalv1.com.br\/api\/wp\/v2\/comments?post=79549"}],"version-history":[{"count":0,"href":"https:\/\/portalv1.com.br\/api\/wp\/v2\/posts\/79549\/revisions"}],"wp:featuredmedia":[{"embeddable":true,"href":"https:\/\/portalv1.com.br\/api\/wp\/v2\/media\/79550"}],"wp:attachment":[{"href":"https:\/\/portalv1.com.br\/api\/wp\/v2\/media?parent=79549"}],"wp:term":[{"taxonomy":"category","embeddable":true,"href":"https:\/\/portalv1.com.br\/api\/wp\/v2\/categories?post=79549"},{"taxonomy":"post_tag","embeddable":true,"href":"https:\/\/portalv1.com.br\/api\/wp\/v2\/tags?post=79549"}],"curies":[{"name":"wp","href":"https:\/\/api.w.org\/{rel}","templated":true}]}}