{"id":7967,"date":"2011-04-06T07:34:01","date_gmt":"2011-04-06T10:34:01","guid":{"rendered":"https:\/\/portalv1.com.br\/?p=7967"},"modified":"2011-04-06T07:37:37","modified_gmt":"2011-04-06T10:37:37","slug":"homem-acusado-de-matar-a-propria-esposa-e-preso-no-pi","status":"publish","type":"post","link":"https:\/\/portalv1.com.br\/homem-acusado-de-matar-a-propria-esposa-e-preso-no-pi\/","title":{"rendered":"HOMEM ACUSADO de matar a pr\u00f3pria esposa \u00e9 preso"},"content":{"rendered":"<figure id=\"attachment_3391\" aria-describedby=\"caption-attachment-3391\" style=\"width: 300px\" class=\"wp-caption alignright\"><a href=\"https:\/\/portalv1.com.br\/app\/wp-content\/uploads\/2010\/04\/policiaaaa.jpg\"><img loading=\"lazy\" decoding=\"async\" class=\"size-full wp-image-3391\" title=\"policiaaaa\" src=\"https:\/\/portalv1.com.br\/app\/wp-content\/uploads\/2010\/04\/policiaaaa.jpg\" alt=\"\" width=\"300\" height=\"183\" \/><\/a><figcaption id=\"caption-attachment-3391\" class=\"wp-caption-text\">imagem de arquivo<\/figcaption><\/figure>\n<p>Policiais da delegacia da cidade de Wall Ferraz, localizada a 322 Km de Teresina, prenderam um homem acusado de matar sua esposa a tiros em dezembro de 2009.<\/p>\n<p>De acordo com delegado da cidade, sargento Valdeildo, o acusado, Jos\u00e9 da Silva Gon\u00e7alves (26), conhecido por Ca\u00e7ulo, matou a esposa Francisca Pereira de Sousa (21) quando ela estava amamentando sua filha de tr\u00eas meses.<\/p>\n<p>Ap\u00f3s cometer o crime, Jos\u00e9 da Silva fugiu para a cidade de S\u00e3o Paulo e foi preso na noite de ontem quando retornou para a cidade de Wall Ferraz. \u201c Os vizinhos denunciaram que ele tinha retornado para cidade e estava escondido na casa do pai dele. Ele n\u00e3o reagiu a pris\u00e3o e hoje ele foi conduzido a penitencia de Oeiras\u201d, disse o delegado.<\/p>\n<p>Fonte: 180graus<\/p>\n","protected":false},"excerpt":{"rendered":"<p>Policiais da delegacia da cidade de Wall Ferraz, localizada a 322 Km de Teresina, prenderam um homem acusado de matar sua esposa a tiros em dezembro de 2009. De acordo&#8230;<\/p>\n","protected":false},"author":1,"featured_media":0,"comment_status":"open","ping_status":"open","sticky":false,"template":"","format":"standard","meta":{"ngg_post_thumbnail":0,"footnotes":""},"categories":[243],"tags":[728,294,731,730,729],"class_list":["post-7967","post","type-post","status-publish","format-standard","hentry","category-geral","tag-homem","tag-policia","tag-teresina","tag-tgere","tag-wall-ferraz"],"views":734,"meta_data":{"thumb":"https:\/\/portalv1.com.br\/app\/wp-content\/uploads\/2010\/04\/policiaaaa.jpg","data":{"simple":"06\/04\/2011","date_time":"06\/04\/2011 04:34:01","date":"h\u00e1 15 anos"},"chapeu":"","source":""},"_links":{"self":[{"href":"https:\/\/portalv1.com.br\/api\/wp\/v2\/posts\/7967","targetHints":{"allow":["GET"]}}],"collection":[{"href":"https:\/\/portalv1.com.br\/api\/wp\/v2\/posts"}],"about":[{"href":"https:\/\/portalv1.com.br\/api\/wp\/v2\/types\/post"}],"author":[{"embeddable":true,"href":"https:\/\/portalv1.com.br\/api\/wp\/v2\/users\/1"}],"replies":[{"embeddable":true,"href":"https:\/\/portalv1.com.br\/api\/wp\/v2\/comments?post=7967"}],"version-history":[{"count":0,"href":"https:\/\/portalv1.com.br\/api\/wp\/v2\/posts\/7967\/revisions"}],"wp:attachment":[{"href":"https:\/\/portalv1.com.br\/api\/wp\/v2\/media?parent=7967"}],"wp:term":[{"taxonomy":"category","embeddable":true,"href":"https:\/\/portalv1.com.br\/api\/wp\/v2\/categories?post=7967"},{"taxonomy":"post_tag","embeddable":true,"href":"https:\/\/portalv1.com.br\/api\/wp\/v2\/tags?post=7967"}],"curies":[{"name":"wp","href":"https:\/\/api.w.org\/{rel}","templated":true}]}}