{"id":79775,"date":"2019-11-11T22:22:10","date_gmt":"2019-11-12T01:22:10","guid":{"rendered":"https:\/\/portalv1.com.br\/?p=79775"},"modified":"2019-11-11T22:22:10","modified_gmt":"2019-11-12T01:22:10","slug":"campanha-novembro-azul-acontece-dia-20-em-pimenteiras","status":"publish","type":"post","link":"https:\/\/portalv1.com.br\/campanha-novembro-azul-acontece-dia-20-em-pimenteiras\/","title":{"rendered":"Campanha Novembro Azul acontece dia 20 em Pimenteiras"},"content":{"rendered":"<p>A Prefeitura de Pimenteiras realizar\u00e1 no dia 20 de novembro, uma serie de atividades e atendimentos dentro da Campanha Novembro Azul. O evento tem o objetivo de chamar a aten\u00e7\u00e3o para a preven\u00e7\u00e3o e o diagn\u00f3stico precoce de doen\u00e7as que atingem a popula\u00e7\u00e3o masculina como o c\u00e2ncer da pr\u00f3stata.<\/p>\n<p>As atividades tem como foco homens a partir dos 50 anos. Nesse dia ser\u00e3o realizados atendimentos odontol\u00f3gicos, consultas medicas, nutricionistas, glicemia capilar, aferi\u00e7\u00e3o de PA, imuniza\u00e7\u00e3o e palestras.<\/p>\n<p>A Secretaria de Sa\u00fade pede que os homens levem o Cart\u00e3o do SUS. Os atendimentos ser\u00e3o realizados na UBS M\u00e3e Toninha no bairro Vila Nova a partir das 08h da manh\u00e3.<\/p>\n<figure id=\"attachment_79776\" aria-describedby=\"caption-attachment-79776\" style=\"width: 595px\" class=\"wp-caption aligncenter\"><a href=\"https:\/\/portalv1.com.br\/app\/wp-content\/uploads\/2019\/11\/e8ec2af7-65ad-46b3-99e7-77f22d5ca827-Copy.jpg\"><img loading=\"lazy\" decoding=\"async\" class=\"size-full wp-image-79776\" src=\"https:\/\/portalv1.com.br\/app\/wp-content\/uploads\/2019\/11\/e8ec2af7-65ad-46b3-99e7-77f22d5ca827-Copy.jpg\" alt=\"\" width=\"595\" height=\"480\" srcset=\"https:\/\/portalv1.com.br\/app\/wp-content\/uploads\/2019\/11\/e8ec2af7-65ad-46b3-99e7-77f22d5ca827-Copy.jpg 595w, https:\/\/portalv1.com.br\/app\/wp-content\/uploads\/2019\/11\/e8ec2af7-65ad-46b3-99e7-77f22d5ca827-Copy-300x242.jpg 300w\" sizes=\"auto, (max-width: 595px) 100vw, 595px\" \/><\/a><figcaption id=\"caption-attachment-79776\" class=\"wp-caption-text\">Campanha Novembro Azul<\/figcaption><\/figure>\n","protected":false},"excerpt":{"rendered":"<p>A Prefeitura de Pimenteiras realizar\u00e1 no dia 20 de novembro, uma serie de atividades e atendimentos dentro da Campanha Novembro Azul. O evento tem o objetivo de chamar a aten\u00e7\u00e3o&#8230;<\/p>\n","protected":false},"author":1,"featured_media":79776,"comment_status":"open","ping_status":"open","sticky":false,"template":"","format":"standard","meta":{"ngg_post_thumbnail":0,"footnotes":""},"categories":[12],"tags":[],"class_list":["post-79775","post","type-post","status-publish","format-standard","has-post-thumbnail","hentry","category-valenca-news"],"views":528,"meta_data":{"thumb":"https:\/\/portalv1.com.br\/app\/wp-content\/uploads\/2019\/11\/e8ec2af7-65ad-46b3-99e7-77f22d5ca827-Copy.jpg","imagem":{"fullsize":{"url":"https:\/\/portalv1.com.br\/app\/wp-content\/uploads\/2019\/11\/e8ec2af7-65ad-46b3-99e7-77f22d5ca827-Copy.jpg","width":595,"height":480},"thumbnail":{"url":"https:\/\/portalv1.com.br\/app\/wp-content\/uploads\/2019\/11\/e8ec2af7-65ad-46b3-99e7-77f22d5ca827-Copy-100x100.jpg","width":100,"height":100},"medium":{"url":"https:\/\/portalv1.com.br\/app\/wp-content\/uploads\/2019\/11\/e8ec2af7-65ad-46b3-99e7-77f22d5ca827-Copy-300x242.jpg","width":300,"height":242}},"data":{"simple":"11\/11\/2019","date_time":"11\/11\/2019 19:22:10","date":"h\u00e1 6 anos"},"chapeu":"Veja programa\u00e7\u00e3o ","source":"slide"},"_links":{"self":[{"href":"https:\/\/portalv1.com.br\/api\/wp\/v2\/posts\/79775","targetHints":{"allow":["GET"]}}],"collection":[{"href":"https:\/\/portalv1.com.br\/api\/wp\/v2\/posts"}],"about":[{"href":"https:\/\/portalv1.com.br\/api\/wp\/v2\/types\/post"}],"author":[{"embeddable":true,"href":"https:\/\/portalv1.com.br\/api\/wp\/v2\/users\/1"}],"replies":[{"embeddable":true,"href":"https:\/\/portalv1.com.br\/api\/wp\/v2\/comments?post=79775"}],"version-history":[{"count":0,"href":"https:\/\/portalv1.com.br\/api\/wp\/v2\/posts\/79775\/revisions"}],"wp:featuredmedia":[{"embeddable":true,"href":"https:\/\/portalv1.com.br\/api\/wp\/v2\/media\/79776"}],"wp:attachment":[{"href":"https:\/\/portalv1.com.br\/api\/wp\/v2\/media?parent=79775"}],"wp:term":[{"taxonomy":"category","embeddable":true,"href":"https:\/\/portalv1.com.br\/api\/wp\/v2\/categories?post=79775"},{"taxonomy":"post_tag","embeddable":true,"href":"https:\/\/portalv1.com.br\/api\/wp\/v2\/tags?post=79775"}],"curies":[{"name":"wp","href":"https:\/\/api.w.org\/{rel}","templated":true}]}}