{"id":79791,"date":"2019-11-12T12:35:01","date_gmt":"2019-11-12T15:35:01","guid":{"rendered":"https:\/\/portalv1.com.br\/?p=79791"},"modified":"2019-11-14T13:36:24","modified_gmt":"2019-11-14T16:36:24","slug":"79791-2","status":"publish","type":"post","link":"https:\/\/portalv1.com.br\/79791-2\/","title":{"rendered":"Safad\u00e3o, Z\u00e9 Neto &#038; Cristiano entre as atra\u00e7\u00f5es de dezembro em Valen\u00e7a"},"content":{"rendered":"<figure id=\"attachment_79792\" aria-describedby=\"caption-attachment-79792\" style=\"width: 640px\" class=\"wp-caption aligncenter\"><a href=\"https:\/\/portalv1.com.br\/app\/wp-content\/uploads\/2019\/11\/valenca-Copy.jpg\"><img loading=\"lazy\" decoding=\"async\" class=\"size-large wp-image-79792\" src=\"https:\/\/portalv1.com.br\/app\/wp-content\/uploads\/2019\/11\/valenca-Copy-640x360.jpg\" alt=\"\" width=\"640\" height=\"360\" srcset=\"https:\/\/portalv1.com.br\/app\/wp-content\/uploads\/2019\/11\/valenca-Copy.jpg 640w, https:\/\/portalv1.com.br\/app\/wp-content\/uploads\/2019\/11\/valenca-Copy-300x169.jpg 300w\" sizes=\"auto, (max-width: 640px) 100vw, 640px\" \/><\/a><figcaption id=\"caption-attachment-79792\" class=\"wp-caption-text\">Imagem internet<\/figcaption><\/figure>\n<p>A cidade de Valen\u00e7a receber\u00e1 muitas atra\u00e7\u00f5es musicais no final de ano. O m\u00eas de dezembro, quando acontece o festejo da padroeira Nossa Senhora do \u00d3 e o per\u00edodo natalino, a cidade festejar\u00e1 com nomes do primeiro escal\u00e3o da nossa m\u00fasica.<\/p>\n<p>A programa\u00e7\u00e3o come\u00e7a no dia 19 de dezembro com Washington Brasileiro no Crovapi Clube. No dia seguinte, 20 de dezembro acontecer\u00e1 shows com a dupla sertaneja Z\u00e9 Neto &amp; Cristiano e o cantor Jonas Esticado no est\u00e1dio municipal.<\/p>\n<p>No dia 25 no Parque Deyanne Lima Verde haver\u00e1 shows com Wesley Safad\u00e3o, Karla Thalyta e Calcinha Preta. No mesmo dia acontecer\u00e1 shows no Crovapi Clube com Mastruz com Leite e Cavaleiros do Forr\u00f3. Nos proximos dias novos eventos devem ser anunciados na cidade de Valen\u00e7a.&nbsp;<\/p>\n","protected":false},"excerpt":{"rendered":"<p>A cidade de Valen\u00e7a receber\u00e1 muitas atra\u00e7\u00f5es musicais no final de ano. O m\u00eas de dezembro, quando acontece o festejo da padroeira Nossa Senhora do \u00d3 e o per\u00edodo natalino,&#8230;<\/p>\n","protected":false},"author":1,"featured_media":79792,"comment_status":"open","ping_status":"open","sticky":false,"template":"","format":"standard","meta":{"ngg_post_thumbnail":0,"footnotes":""},"categories":[12],"tags":[],"class_list":["post-79791","post","type-post","status-publish","format-standard","has-post-thumbnail","hentry","category-valenca-news"],"views":1648,"meta_data":{"thumb":"https:\/\/portalv1.com.br\/app\/wp-content\/uploads\/2019\/11\/valenca-Copy.jpg","imagem":{"fullsize":{"url":"https:\/\/portalv1.com.br\/app\/wp-content\/uploads\/2019\/11\/valenca-Copy.jpg","width":640,"height":360},"thumbnail":{"url":"https:\/\/portalv1.com.br\/app\/wp-content\/uploads\/2019\/11\/valenca-Copy-100x100.jpg","width":100,"height":100},"medium":{"url":"https:\/\/portalv1.com.br\/app\/wp-content\/uploads\/2019\/11\/valenca-Copy-300x169.jpg","width":300,"height":169},"large":{"url":"https:\/\/portalv1.com.br\/app\/wp-content\/uploads\/2019\/11\/valenca-Copy-640x360.jpg","width":640,"height":360}},"data":{"simple":"12\/11\/2019","date_time":"12\/11\/2019 09:35:01","date":"h\u00e1 6 anos"},"chapeu":"Veja a programa\u00e7\u00e3o ","source":"foto_menor"},"_links":{"self":[{"href":"https:\/\/portalv1.com.br\/api\/wp\/v2\/posts\/79791","targetHints":{"allow":["GET"]}}],"collection":[{"href":"https:\/\/portalv1.com.br\/api\/wp\/v2\/posts"}],"about":[{"href":"https:\/\/portalv1.com.br\/api\/wp\/v2\/types\/post"}],"author":[{"embeddable":true,"href":"https:\/\/portalv1.com.br\/api\/wp\/v2\/users\/1"}],"replies":[{"embeddable":true,"href":"https:\/\/portalv1.com.br\/api\/wp\/v2\/comments?post=79791"}],"version-history":[{"count":0,"href":"https:\/\/portalv1.com.br\/api\/wp\/v2\/posts\/79791\/revisions"}],"wp:featuredmedia":[{"embeddable":true,"href":"https:\/\/portalv1.com.br\/api\/wp\/v2\/media\/79792"}],"wp:attachment":[{"href":"https:\/\/portalv1.com.br\/api\/wp\/v2\/media?parent=79791"}],"wp:term":[{"taxonomy":"category","embeddable":true,"href":"https:\/\/portalv1.com.br\/api\/wp\/v2\/categories?post=79791"},{"taxonomy":"post_tag","embeddable":true,"href":"https:\/\/portalv1.com.br\/api\/wp\/v2\/tags?post=79791"}],"curies":[{"name":"wp","href":"https:\/\/api.w.org\/{rel}","templated":true}]}}