{"id":7997,"date":"2011-04-07T17:19:45","date_gmt":"2011-04-07T20:19:45","guid":{"rendered":"https:\/\/portalv1.com.br\/?p=7997"},"modified":"2011-04-07T21:56:33","modified_gmt":"2011-04-08T00:56:33","slug":"academia-de-letras-realizara-curso-sobre-implementacao-da-nota-fiscal","status":"publish","type":"post","link":"https:\/\/portalv1.com.br\/academia-de-letras-realizara-curso-sobre-implementacao-da-nota-fiscal\/","title":{"rendered":"Curso sobre Nota Fiscal Eletr\u00f4nica ser\u00e1 realizado nesta sexta-feira"},"content":{"rendered":"<figure id=\"attachment_7998\" aria-describedby=\"caption-attachment-7998\" style=\"width: 300px\" class=\"wp-caption alignright\"><a href=\"https:\/\/portalv1.com.br\/app\/wp-content\/uploads\/2011\/04\/curso.jpg\"><img loading=\"lazy\" decoding=\"async\" class=\"size-full wp-image-7998\" title=\"curso\" src=\"https:\/\/portalv1.com.br\/app\/wp-content\/uploads\/2011\/04\/curso.jpg\" alt=\"\" width=\"300\" height=\"183\" \/><\/a><figcaption id=\"caption-attachment-7998\" class=\"wp-caption-text\">o curso ser\u00e1 ministrado pelo contador Jos\u00e9 Alberto que aparece ao lado do contador Geovane Vieira<\/figcaption><\/figure>\n<p>Ser\u00e1 realizada nesta sexta-feira, 08 de abril, as 19h, na Academia de Letras da Confedera\u00e7\u00e3o Valenciana um mini-curso sobre as \u201cObriga\u00e7\u00f5es Fiscais na Era Digital\u201d. O curso ser\u00e1 ministrado pelo contador e analista de sistema Jos\u00e9 Alberto, que tem em seu curr\u00edculo bastante experi\u00eancia no setor.<\/p>\n<p>As inscri\u00e7\u00f5es que custam R$ 25 reais est\u00e3o sendo feitas na Infotecnica, que fica a Rua Coronel An\u00edbal Martins.<\/p>\n<p>O curso \u00e9 direcionado para os empres\u00e1rios, gerentes administrativos, profissionais do setor cont\u00e1bil e estudantes em geral. Nota fiscal eletr\u00f4nica, Sintegra e outros assuntos est\u00e3o inclu\u00eddos no pacote do curso. O curso tem o apoio direto da CDL<\/p>\n","protected":false},"excerpt":{"rendered":"<p>Ser\u00e1 realizada nesta sexta-feira, 08 de abril, as 19h, na Academia de Letras da Confedera\u00e7\u00e3o Valenciana um mini-curso sobre as \u201cObriga\u00e7\u00f5es Fiscais na Era Digital\u201d. O curso ser\u00e1 ministrado pelo&#8230;<\/p>\n","protected":false},"author":1,"featured_media":0,"comment_status":"open","ping_status":"open","sticky":false,"template":"","format":"standard","meta":{"ngg_post_thumbnail":0,"footnotes":""},"categories":[243],"tags":[738,739],"class_list":["post-7997","post","type-post","status-publish","format-standard","hentry","category-geral","tag-curso","tag-nota-fiscal-eletronica"],"views":565,"meta_data":{"thumb":"https:\/\/portalv1.com.br\/app\/wp-content\/uploads\/2011\/04\/curso.jpg","data":{"simple":"07\/04\/2011","date_time":"07\/04\/2011 14:19:45","date":"h\u00e1 15 anos"},"chapeu":"","source":""},"_links":{"self":[{"href":"https:\/\/portalv1.com.br\/api\/wp\/v2\/posts\/7997","targetHints":{"allow":["GET"]}}],"collection":[{"href":"https:\/\/portalv1.com.br\/api\/wp\/v2\/posts"}],"about":[{"href":"https:\/\/portalv1.com.br\/api\/wp\/v2\/types\/post"}],"author":[{"embeddable":true,"href":"https:\/\/portalv1.com.br\/api\/wp\/v2\/users\/1"}],"replies":[{"embeddable":true,"href":"https:\/\/portalv1.com.br\/api\/wp\/v2\/comments?post=7997"}],"version-history":[{"count":0,"href":"https:\/\/portalv1.com.br\/api\/wp\/v2\/posts\/7997\/revisions"}],"wp:attachment":[{"href":"https:\/\/portalv1.com.br\/api\/wp\/v2\/media?parent=7997"}],"wp:term":[{"taxonomy":"category","embeddable":true,"href":"https:\/\/portalv1.com.br\/api\/wp\/v2\/categories?post=7997"},{"taxonomy":"post_tag","embeddable":true,"href":"https:\/\/portalv1.com.br\/api\/wp\/v2\/tags?post=7997"}],"curies":[{"name":"wp","href":"https:\/\/api.w.org\/{rel}","templated":true}]}}