{"id":8033,"date":"2011-04-12T10:54:31","date_gmt":"2011-04-12T13:54:31","guid":{"rendered":"https:\/\/portalv1.com.br\/?p=8033"},"modified":"2011-04-13T22:48:10","modified_gmt":"2011-04-14T01:48:10","slug":"em-sessao-tumultuada-vereadores-aprovam-doacao-de-terreno-ouca","status":"publish","type":"post","link":"https:\/\/portalv1.com.br\/em-sessao-tumultuada-vereadores-aprovam-doacao-de-terreno-ouca\/","title":{"rendered":"Em sess\u00e3o tumultuada vereadores aprovam doa\u00e7\u00e3o de terreno. Ou\u00e7a"},"content":{"rendered":"<figure id=\"attachment_8034\" aria-describedby=\"caption-attachment-8034\" style=\"width: 300px\" class=\"wp-caption alignright\"><a href=\"https:\/\/portalv1.com.br\/app\/wp-content\/uploads\/2011\/04\/capa-camra.jpg\"><img loading=\"lazy\" decoding=\"async\" class=\"size-full wp-image-8034\" title=\"capa camra\" src=\"https:\/\/portalv1.com.br\/app\/wp-content\/uploads\/2011\/04\/capa-camra.jpg\" alt=\"\" width=\"300\" height=\"183\" \/><\/a><figcaption id=\"caption-attachment-8034\" class=\"wp-caption-text\">registro da hora da vota\u00e7\u00e3o<\/figcaption><\/figure>\n<p>A C\u00e2mara Municipal de Valen\u00e7a do Piaui aprovou em sess\u00e3o ordin\u00e1ria realizada na noite desta segunda-feira (11), por 05 votos a 03, o Projeto de Lei que doa para a AGESPISA um terreno nas proximidades do Bairro COHAB. O projeto \u00e9 de autoria do Executivo Municipal e j\u00e1 havia sido colocado tr\u00eas vezes na Ordem do Dia.<\/p>\n<p>Com a palavra, o vereador Joaquim Filho (PTB) relacionou o hist\u00f3rico do terreno, que j\u00e1 havia sido doado no per\u00edodo eleitoral para um correligion\u00e1rio, depois foi tomado e doado atrav\u00e9s de um decreto a AGESPISA, que por sua vez perfurou o po\u00e7o e agora para concluir a doa\u00e7\u00e3o precisava do aval do Poder Legislativo, uma vez que o decreto municipal n\u00e3o tinha validade nessas quest\u00f5es.<\/p>\n<p>Ele denunciou ainda que a AGESPISA est\u00e1 usando a \u00e1gua do munic\u00edpio sem nenhuma autoriza\u00e7\u00e3o, uma vez que a C\u00e2mara Municipal em outra Legislatura rejeitou o contrato com a AGESPISA, o que torna a utiliza\u00e7\u00e3o do nosso subsolo de acordo com o vereador irregular. Ele afirmou que a prefeitura est\u00e1 doando o terreno sem nenhuma contrapartida para o munic\u00edpio.<\/p>\n<p>A presidenta da c\u00e2mara, vereadora Ielva Mel\u00e3o que nessas mat\u00e9rias s\u00f3 pode votar em caso de empate reclamou da atitude da prefeitura, que desrespeitou o Parlamento, mas uma vez. Ela lembrou que o mesmo fato aconteceu na doa\u00e7\u00e3o de parte da rua para a constru\u00e7\u00e3o do Pr\u00f3-inf\u00e2ncia. \u201cO prefeito precisa entender que precisa agir de acordo com a Lei\u201d reclamou.<\/p>\n<p>A vereadora Cei\u00e7a Dias (PSB) afirmou que reconhecia os erros do projeto, mas que votava a favor porque a popula\u00e7\u00e3o iria se beneficiar com a \u00e1gua do po\u00e7o. Com o mesmo argumento se pronunciou o vereador Lindomar Am\u00e2ncio (PRTB), que afirmou que o prefeito j\u00e1 havia resolvido o problema do antigo propriet\u00e1rio do terreno. J\u00e1 os vereadores Tico Adriano (PMDB) e Gilmar Barbosa (PC do B) tamb\u00e9m se pronunciaram contra a doa\u00e7\u00e3o.<\/p>\n<p>Antes da vota\u00e7\u00e3o, os vereadores discutiram o projeto que como era de se esperar acirrou os \u00e2nimos, entre as duas bancadas. De um lado, a oposi\u00e7\u00e3o que tentava convencer os vereadores do prefeito a rejeitarem o projeto e do outro os vereadores do governo que reconheciam os erros, mas iriam votar a favor do prefeito.<\/p>\n<p>A grande surpresa na vota\u00e7\u00e3o foi o apoio ao projeto do vereador Pedro Ribalta (PTB), o vereador ao apoiar o projeto decretou sua aprova\u00e7\u00e3o em plen\u00e1rio, haja vista, que em um eventual empate, a presidenta votaria pela desaprova\u00e7\u00e3o do projeto. Pedro Ribalta, a exemplo dos vereadores Eliseu Fran\u00e7a (PSB) e Valdefran Vieira (PRTB) n\u00e3o se pronunciou na discuss\u00e3o do projeto. Na proxima semana acontecer\u00e1 a segunda vota\u00e7\u00e3o do projeto.<\/p>\n<p>Ou\u00e7a no player abaixo parte da discuss\u00e3o do projeto aprovado nesta segunda-feira 11 de abril. Come\u00e7ando pelo vereador Lindomar Am\u00e2ncio, Cei\u00e7a Dias, Ielva Mel\u00e3o e Joaquim Filho.<\/p>\n<p><object classid=\"clsid:d27cdb6e-ae6d-11cf-96b8-444553540000\" width=\"320\" height=\"200\" codebase=\"http:\/\/download.macromedia.com\/pub\/shockwave\/cabs\/flash\/swflash.cab#version=6,0,40,0\"><param name=\"src\" value=\"http:\/\/www.4shared.com\/embed\/567341057\/b50100bb\" \/><param name=\"allowfullscreen\" value=\"true\" \/><div class=\"content-iframe\" data-content-width=\"600\"><embed type=\"application\/x-shockwave-flash\" width=\"320\" height=\"200\" src=\"http:\/\/www.4shared.com\/embed\/567341057\/b50100bb\" allowfullscreen=\"true\"><\/embed><\/div><\/object><\/p>\n","protected":false},"excerpt":{"rendered":"<p>A C\u00e2mara Municipal de Valen\u00e7a do Piaui aprovou em sess\u00e3o ordin\u00e1ria realizada na noite desta segunda-feira (11), por 05 votos a 03, o Projeto de Lei que doa para a&#8230;<\/p>\n","protected":false},"author":1,"featured_media":0,"comment_status":"open","ping_status":"open","sticky":false,"template":"","format":"standard","meta":{"ngg_post_thumbnail":0,"footnotes":""},"categories":[12],"tags":[],"class_list":["post-8033","post","type-post","status-publish","format-standard","hentry","category-valenca-news"],"views":1511,"meta_data":{"thumb":"https:\/\/portalv1.com.br\/app\/wp-content\/uploads\/2011\/04\/capa-camra.jpg","data":{"simple":"12\/04\/2011","date_time":"12\/04\/2011 07:54:31","date":"h\u00e1 15 anos"},"chapeu":"","source":""},"_links":{"self":[{"href":"https:\/\/portalv1.com.br\/api\/wp\/v2\/posts\/8033","targetHints":{"allow":["GET"]}}],"collection":[{"href":"https:\/\/portalv1.com.br\/api\/wp\/v2\/posts"}],"about":[{"href":"https:\/\/portalv1.com.br\/api\/wp\/v2\/types\/post"}],"author":[{"embeddable":true,"href":"https:\/\/portalv1.com.br\/api\/wp\/v2\/users\/1"}],"replies":[{"embeddable":true,"href":"https:\/\/portalv1.com.br\/api\/wp\/v2\/comments?post=8033"}],"version-history":[{"count":0,"href":"https:\/\/portalv1.com.br\/api\/wp\/v2\/posts\/8033\/revisions"}],"wp:attachment":[{"href":"https:\/\/portalv1.com.br\/api\/wp\/v2\/media?parent=8033"}],"wp:term":[{"taxonomy":"category","embeddable":true,"href":"https:\/\/portalv1.com.br\/api\/wp\/v2\/categories?post=8033"},{"taxonomy":"post_tag","embeddable":true,"href":"https:\/\/portalv1.com.br\/api\/wp\/v2\/tags?post=8033"}],"curies":[{"name":"wp","href":"https:\/\/api.w.org\/{rel}","templated":true}]}}