{"id":806,"date":"2009-06-16T22:05:09","date_gmt":"2009-06-17T01:05:09","guid":{"rendered":"https:\/\/portalv1.com.br\/?p=806"},"modified":"2009-06-16T22:07:09","modified_gmt":"2009-06-17T01:07:09","slug":"eleicao-do-bairro-campestre-2","status":"publish","type":"post","link":"https:\/\/portalv1.com.br\/eleicao-do-bairro-campestre-2\/","title":{"rendered":"Elei\u00e7\u00e3o do Bairro Campestre."},"content":{"rendered":"<p class=\"MsoNormal\" style=\"0cm 0cm 10pt;\"><span style=\"small;\"><span style=\"Calibri;\"><span style=\"yes;\">\u00a0\u00a0<img loading=\"lazy\" decoding=\"async\" src=\"fotos\/raul.jpg\" alt=\"fotos\/raul.jpg\" width=\"300\" height=\"225\" \/>\u00a0\u00a0 <\/span><\/span><\/span><\/p>\n<p class=\"MsoNormal\" style=\"0cm 0cm 10pt;\"><span style=\"small;\"><span style=\"Calibri;\"><span style=\"yes;\">\u00a0\u00a0\u00a0 <\/span>No pr\u00f3ximo dia 20 de junho, a partir das 14h00 horas, no edif\u00edcio da Universidade Estadual, campos de Valen\u00e7a, os moradores e moradoras de bairro Campestre ter\u00e3o a oportunidade de escolher seus representantes na elei\u00e7\u00e3o do bairro e na busca pelo desenvolvimento e melhor a qualidade de vida do povo do Campestre.<\/span><\/span><\/p>\n<p class=\"MsoNormal\" style=\"0cm 0cm 10pt;\"><span style=\"small;\"><span style=\"Calibri;\"><span style=\"yes;\">\u00a0\u00a0\u00a0\u00a0 <\/span>O candidato a Presidente pela CHAPA 2, o senhor Reinaldo Bezerra e sua equipe, preparado e conscientes da responsabilidade, vem pedir o seu voto e apoio para lutar na defesa dos direitos deste povo, com respeito, uni\u00e3o, e dec\u00eancia. Dentre as suas principais propostas est\u00e3o: buscar medidas urgentes para melhorar os servi\u00e7os de transporte, comunica\u00e7\u00e3o, seguran\u00e7a, sa\u00fade, educa\u00e7\u00e3o e \u00edndices voltados a melhorar a limpeza, que hoje praticamente n\u00e3o existe no bairro Campestre, a constru\u00e7\u00e3o de um espa\u00e7o com cobertura para o conforto das crian\u00e7as ao aguardar o \u00f4nibus escolar, aquisi\u00e7\u00e3o de telefones p\u00fablicos (orelh\u00f5es), redutores de velocidade na PI 469 (tartarugas), al\u00e9m da instala\u00e7\u00e3o de um po\u00e7o tubular e demais projetos de infra-estrutura b\u00e1sica, que constitui um dos maiores problemas do bairro atualmente.<\/span><\/span><\/p>\n<p><span style=\"AR-SA;\"><span style=\"yes;\">\u00a0\u00a0\u00a0\u00a0 <\/span>O candidato pela CHAPA 2 Reinaldo bezerra disse ao portalv1.com.br<span style=\"yes;\">\u00a0 <\/span>\u201c O apoio do nosso povo do bairro Campestre \u00e9 muito importante para a realiza\u00e7\u00e3o destes projeto, por isso pe\u00e7o o seu voto, vote na CHAPA 2, dessa maneira estar\u00e1 votando no <span style=\"yes;\">\u00a0<\/span>respeito e na vontade de batalhar pelo povo , <span style=\"yes;\">\u00a0<\/span>muito obrigado e at\u00e9 o dia 20 de junho\u201d.<\/span><\/p>\n","protected":false},"excerpt":{"rendered":"<p>\u00a0\u00a0\u00a0\u00a0 \u00a0\u00a0\u00a0 No pr\u00f3ximo dia 20 de junho, a partir das 14h00 horas, no edif\u00edcio da Universidade Estadual, campos de Valen\u00e7a, os moradores e moradoras de bairro Campestre ter\u00e3o a&#8230;<\/p>\n","protected":false},"author":1,"featured_media":0,"comment_status":"open","ping_status":"open","sticky":false,"template":"","format":"standard","meta":{"ngg_post_thumbnail":0,"footnotes":""},"categories":[],"tags":[],"class_list":["post-806","post","type-post","status-publish","format-standard","hentry"],"views":273,"meta_data":{"thumb":null,"imagem":null,"data":{"simple":"16\/06\/2009","date_time":"16\/06\/2009 19:05:09","date":"h\u00e1 17 anos"},"chapeu":"","source":""},"_links":{"self":[{"href":"https:\/\/portalv1.com.br\/api\/wp\/v2\/posts\/806","targetHints":{"allow":["GET"]}}],"collection":[{"href":"https:\/\/portalv1.com.br\/api\/wp\/v2\/posts"}],"about":[{"href":"https:\/\/portalv1.com.br\/api\/wp\/v2\/types\/post"}],"author":[{"embeddable":true,"href":"https:\/\/portalv1.com.br\/api\/wp\/v2\/users\/1"}],"replies":[{"embeddable":true,"href":"https:\/\/portalv1.com.br\/api\/wp\/v2\/comments?post=806"}],"version-history":[{"count":0,"href":"https:\/\/portalv1.com.br\/api\/wp\/v2\/posts\/806\/revisions"}],"wp:attachment":[{"href":"https:\/\/portalv1.com.br\/api\/wp\/v2\/media?parent=806"}],"wp:term":[{"taxonomy":"category","embeddable":true,"href":"https:\/\/portalv1.com.br\/api\/wp\/v2\/categories?post=806"},{"taxonomy":"post_tag","embeddable":true,"href":"https:\/\/portalv1.com.br\/api\/wp\/v2\/tags?post=806"}],"curies":[{"name":"wp","href":"https:\/\/api.w.org\/{rel}","templated":true}]}}