{"id":80985,"date":"2019-12-04T10:07:52","date_gmt":"2019-12-04T13:07:52","guid":{"rendered":"https:\/\/portalv1.com.br\/?p=80985"},"modified":"2019-12-07T18:36:12","modified_gmt":"2019-12-07T21:36:12","slug":"1a-acao-social-bem-viver-sera-realizada-dia-21-12-em-valenca","status":"publish","type":"post","link":"https:\/\/portalv1.com.br\/1a-acao-social-bem-viver-sera-realizada-dia-21-12-em-valenca\/","title":{"rendered":"1\u00aa A\u00e7\u00e3o Social Bem Viver ser\u00e1 realizada dia 21\/12 em Valen\u00e7a"},"content":{"rendered":"<p>No dia 21 de dezembro acontecer\u00e1 na quadra da Bela-flor em Valen\u00e7a, a 1\u00aa A\u00e7\u00e3o Social (Bem Viver) voltada para o atendimento gratuito das pessoas do bairro Bela-flor e adjacentes.<\/p>\n<p>A a\u00e7\u00e3o \u00e9 promovida pelo medico Dr. Lucas Raoni e oferecer\u00e1 consultas com m\u00e9dicos, nutricionistas, fisioterapeuta, dentista, psic\u00f3logo, enfermeiros, educador f\u00edsico, al\u00e9m de orienta\u00e7\u00f5es de sa\u00fade, cuidados de beleza, apresenta\u00e7\u00f5es culturais e divers\u00e3o infantil.<\/p>\n<p>Residente no bairro, o medico disse a reportagem que esse projeto era um sonho antigo que se tornar\u00e1 realidade nesse dia 21 de dezembro. Todos os servi\u00e7os ser\u00e3o gratuitos e destinados para toda a comunidade das 16h \u00e0s 23h.<a href=\"https:\/\/portalv1.com.br\/app\/wp-content\/uploads\/2019\/12\/Acao-Social-Bem-Viver-Lucas-Raoni.jpg\"><img loading=\"lazy\" decoding=\"async\" class=\"aligncenter size-large wp-image-80988\" src=\"https:\/\/portalv1.com.br\/app\/wp-content\/uploads\/2019\/12\/Acao-Social-Bem-Viver-Lucas-Raoni-640x909.jpg\" alt=\"\" width=\"640\" height=\"909\" srcset=\"https:\/\/portalv1.com.br\/app\/wp-content\/uploads\/2019\/12\/Acao-Social-Bem-Viver-Lucas-Raoni-640x909.jpg 640w, https:\/\/portalv1.com.br\/app\/wp-content\/uploads\/2019\/12\/Acao-Social-Bem-Viver-Lucas-Raoni-300x426.jpg 300w, https:\/\/portalv1.com.br\/app\/wp-content\/uploads\/2019\/12\/Acao-Social-Bem-Viver-Lucas-Raoni-768x1091.jpg 768w, https:\/\/portalv1.com.br\/app\/wp-content\/uploads\/2019\/12\/Acao-Social-Bem-Viver-Lucas-Raoni.jpg 901w\" sizes=\"auto, (max-width: 640px) 100vw, 640px\" \/><\/a><\/p>\n","protected":false},"excerpt":{"rendered":"<p>No dia 21 de dezembro acontecer\u00e1 na quadra da Bela-flor em Valen\u00e7a, a 1\u00aa A\u00e7\u00e3o Social (Bem Viver) voltada para o atendimento gratuito das pessoas do bairro Bela-flor e adjacentes&#8230;.<\/p>\n","protected":false},"author":1,"featured_media":80987,"comment_status":"open","ping_status":"open","sticky":false,"template":"","format":"standard","meta":{"ngg_post_thumbnail":0,"footnotes":""},"categories":[12],"tags":[],"class_list":["post-80985","post","type-post","status-publish","format-standard","has-post-thumbnail","hentry","category-valenca-news"],"views":1465,"meta_data":{"thumb":"https:\/\/portalv1.com.br\/app\/wp-content\/uploads\/2019\/12\/acao-social-bem-viver-Copy.jpg","imagem":{"fullsize":{"url":"https:\/\/portalv1.com.br\/app\/wp-content\/uploads\/2019\/12\/acao-social-bem-viver-Copy.jpg","width":640,"height":360},"medium":{"url":"https:\/\/portalv1.com.br\/app\/wp-content\/uploads\/2019\/12\/acao-social-bem-viver-Copy-300x169.jpg","width":300,"height":169},"thumbnail":{"url":"https:\/\/portalv1.com.br\/app\/wp-content\/uploads\/2019\/12\/acao-social-bem-viver-Copy-100x100.jpg","width":100,"height":100}},"data":{"simple":"04\/12\/2019","date_time":"04\/12\/2019 07:07:52","date":"h\u00e1 6 anos"},"chapeu":"Bem Viver ","source":"foto_menor"},"_links":{"self":[{"href":"https:\/\/portalv1.com.br\/api\/wp\/v2\/posts\/80985","targetHints":{"allow":["GET"]}}],"collection":[{"href":"https:\/\/portalv1.com.br\/api\/wp\/v2\/posts"}],"about":[{"href":"https:\/\/portalv1.com.br\/api\/wp\/v2\/types\/post"}],"author":[{"embeddable":true,"href":"https:\/\/portalv1.com.br\/api\/wp\/v2\/users\/1"}],"replies":[{"embeddable":true,"href":"https:\/\/portalv1.com.br\/api\/wp\/v2\/comments?post=80985"}],"version-history":[{"count":0,"href":"https:\/\/portalv1.com.br\/api\/wp\/v2\/posts\/80985\/revisions"}],"wp:featuredmedia":[{"embeddable":true,"href":"https:\/\/portalv1.com.br\/api\/wp\/v2\/media\/80987"}],"wp:attachment":[{"href":"https:\/\/portalv1.com.br\/api\/wp\/v2\/media?parent=80985"}],"wp:term":[{"taxonomy":"category","embeddable":true,"href":"https:\/\/portalv1.com.br\/api\/wp\/v2\/categories?post=80985"},{"taxonomy":"post_tag","embeddable":true,"href":"https:\/\/portalv1.com.br\/api\/wp\/v2\/tags?post=80985"}],"curies":[{"name":"wp","href":"https:\/\/api.w.org\/{rel}","templated":true}]}}