{"id":81554,"date":"2019-12-10T15:46:21","date_gmt":"2019-12-10T18:46:21","guid":{"rendered":"https:\/\/portalv1.com.br\/?p=81554"},"modified":"2019-12-10T15:50:17","modified_gmt":"2019-12-10T18:50:17","slug":"vereadores-de-valenca-abrem-comissao-processante-contra-dois-vereadores","status":"publish","type":"post","link":"https:\/\/portalv1.com.br\/vereadores-de-valenca-abrem-comissao-processante-contra-dois-vereadores\/","title":{"rendered":"Vereadores de Valen\u00e7a abrem Comiss\u00e3o Processante contra dois vereadores"},"content":{"rendered":"<figure id=\"attachment_81555\" aria-describedby=\"caption-attachment-81555\" style=\"width: 640px\" class=\"wp-caption aligncenter\"><a href=\"https:\/\/portalv1.com.br\/app\/wp-content\/uploads\/2019\/12\/IMG_20191210_104353-Copy.jpg\"><img loading=\"lazy\" decoding=\"async\" class=\"size-full wp-image-81555\" src=\"https:\/\/portalv1.com.br\/app\/wp-content\/uploads\/2019\/12\/IMG_20191210_104353-Copy.jpg\" alt=\"\" width=\"640\" height=\"360\" srcset=\"https:\/\/portalv1.com.br\/app\/wp-content\/uploads\/2019\/12\/IMG_20191210_104353-Copy.jpg 640w, https:\/\/portalv1.com.br\/app\/wp-content\/uploads\/2019\/12\/IMG_20191210_104353-Copy-300x169.jpg 300w\" sizes=\"auto, (max-width: 640px) 100vw, 640px\" \/><\/a><figcaption id=\"caption-attachment-81555\" class=\"wp-caption-text\">Parlamento Valenciano<\/figcaption><\/figure>\n<p>Os vereadores de Valen\u00e7a aprovaram em sess\u00e3o extraordin\u00e1ria realizada nesta ter\u00e7a-feira, 10 de dezembro no plen\u00e1rio da C\u00e2mara Municipal, a abertura de uma Comiss\u00e3o Processante contra os vereadores Lucivaldo Monteiro e Leilivan Martins, presidente e vice-presidente do Poder Legislativo respectivamente.<\/p>\n<p>Depois da aprova\u00e7\u00e3o da abertura que foi realizada atrav\u00e9s de vota\u00e7\u00e3o individual e obtendo vota\u00e7\u00e3o unanime dos 08 vereadores presentes os parlamentares definiram por sorteio os nomes dos integrantes da comiss\u00e3o que ser\u00e1 formada pelo vereador Rayonardo Mendes (presidente), Iris Moreira (relatora) e Edilsa do Vale como membro.<\/p>\n<p>A sess\u00e3o dessa ter\u00e7a-feira foi presidida pelo vereador Joaquim Filho em obedi\u00eancia ao regimento da casa que determina a condu\u00e7\u00e3o dos trabalhos em caso de aus\u00eancia dos membros da Mesa Diretora que a sess\u00e3o seja conduzida pelo vereador mais idoso.<\/p>\n<p>Participaram da mesma os vereadores: Joaquim Filhos, Iris Moreira, Rubens Alencar, Iara Costa, Garotinho Dhony, Edilsa do Vale, Rayonardo Mendes e Vanildo Castro.<\/p>\n<figure id=\"attachment_81556\" aria-describedby=\"caption-attachment-81556\" style=\"width: 640px\" class=\"wp-caption aligncenter\"><a href=\"https:\/\/portalv1.com.br\/app\/wp-content\/uploads\/2019\/12\/IMG_20191210_110231-Copy.jpg\"><img loading=\"lazy\" decoding=\"async\" class=\"size-full wp-image-81556\" src=\"https:\/\/portalv1.com.br\/app\/wp-content\/uploads\/2019\/12\/IMG_20191210_110231-Copy.jpg\" alt=\"\" width=\"640\" height=\"360\" srcset=\"https:\/\/portalv1.com.br\/app\/wp-content\/uploads\/2019\/12\/IMG_20191210_110231-Copy.jpg 640w, https:\/\/portalv1.com.br\/app\/wp-content\/uploads\/2019\/12\/IMG_20191210_110231-Copy-300x169.jpg 300w\" sizes=\"auto, (max-width: 640px) 100vw, 640px\" \/><\/a><figcaption id=\"caption-attachment-81556\" class=\"wp-caption-text\">Parlamento Valenciano<\/figcaption><\/figure>\n<p>Os vereadores s\u00e3o acusados de omiss\u00e3o e de impedir o andamento dos trabalhos quando n\u00e3o repassaram o livro de ata. Da contrata\u00e7\u00e3o de uma empresa prestadora de servi\u00e7o no valor de R$ 9.985, 00 quando o contrato anterior era de R$ 4.500,00. De simular aprova\u00e7\u00e3o de Decreto Legislativo sem a devida tramita\u00e7\u00e3o na c\u00e2mara, entre outras quest\u00f5es.<\/p>\n<p>De acordo com o vereador Joaquim Filho, a comiss\u00e3o se reunir\u00e1 nos pr\u00f3ximos dias e encaminhar\u00e1 um documento aos parlamentares comunicando da abertura do Comiss\u00e3o Processante e suas respectivas den\u00fancias.<\/p>\n<p>Nesse per\u00edodo, os dois vereadores responder\u00e3o fora do cargo. Caso as respostas sejam satisfat\u00f3rias, os parlamentares continuar\u00e3o suas atividades normalmente. Em caso de serem considerados culpados, o plen\u00e1rio julgar\u00e1 as san\u00e7\u00f5es previstas na Lei Org\u00e2nica e no Regimento Interno da C\u00e2mara. Os dois vereadores n\u00e3o participaram da sess\u00e3o e ainda n\u00e3o se pronunciaram.<\/p>\n<p><div class=\"content-iframe\" data-content-width=\"600\"><iframe loading=\"lazy\" style=\"border: none; overflow: hidden;\" src=\"https:\/\/www.facebook.com\/plugins\/video.php?href=https%3A%2F%2Fwww.facebook.com%2FSergioAlvesValenca%2Fvideos%2F2635027593210364%2F&amp;show_text=0&amp;width=560\" width=\"560\" height=\"315\" frameborder=\"0\" scrolling=\"no\" allowfullscreen=\"allowfullscreen\"><\/iframe><\/div><\/p>\n<p>&nbsp;<\/p>\n","protected":false},"excerpt":{"rendered":"<p>Os vereadores de Valen\u00e7a aprovaram em sess\u00e3o extraordin\u00e1ria realizada nesta ter\u00e7a-feira, 10 de dezembro no plen\u00e1rio da C\u00e2mara Municipal, a abertura de uma Comiss\u00e3o Processante contra os vereadores Lucivaldo Monteiro&#8230;<\/p>\n","protected":false},"author":1,"featured_media":81555,"comment_status":"open","ping_status":"open","sticky":false,"template":"","format":"standard","meta":{"ngg_post_thumbnail":0,"footnotes":""},"categories":[12],"tags":[],"class_list":["post-81554","post","type-post","status-publish","format-standard","has-post-thumbnail","hentry","category-valenca-news"],"views":1311,"meta_data":{"thumb":"https:\/\/portalv1.com.br\/app\/wp-content\/uploads\/2019\/12\/IMG_20191210_104353-Copy.jpg","imagem":{"fullsize":{"url":"https:\/\/portalv1.com.br\/app\/wp-content\/uploads\/2019\/12\/IMG_20191210_104353-Copy.jpg","width":640,"height":360},"medium":{"url":"https:\/\/portalv1.com.br\/app\/wp-content\/uploads\/2019\/12\/IMG_20191210_104353-Copy-300x169.jpg","width":300,"height":169},"thumbnail":{"url":"https:\/\/portalv1.com.br\/app\/wp-content\/uploads\/2019\/12\/IMG_20191210_104353-Copy-100x100.jpg","width":100,"height":100}},"data":{"simple":"10\/12\/2019","date_time":"10\/12\/2019 12:46:21","date":"h\u00e1 6 anos"},"chapeu":"Assista ao video ","source":"slide"},"_links":{"self":[{"href":"https:\/\/portalv1.com.br\/api\/wp\/v2\/posts\/81554","targetHints":{"allow":["GET"]}}],"collection":[{"href":"https:\/\/portalv1.com.br\/api\/wp\/v2\/posts"}],"about":[{"href":"https:\/\/portalv1.com.br\/api\/wp\/v2\/types\/post"}],"author":[{"embeddable":true,"href":"https:\/\/portalv1.com.br\/api\/wp\/v2\/users\/1"}],"replies":[{"embeddable":true,"href":"https:\/\/portalv1.com.br\/api\/wp\/v2\/comments?post=81554"}],"version-history":[{"count":0,"href":"https:\/\/portalv1.com.br\/api\/wp\/v2\/posts\/81554\/revisions"}],"wp:featuredmedia":[{"embeddable":true,"href":"https:\/\/portalv1.com.br\/api\/wp\/v2\/media\/81555"}],"wp:attachment":[{"href":"https:\/\/portalv1.com.br\/api\/wp\/v2\/media?parent=81554"}],"wp:term":[{"taxonomy":"category","embeddable":true,"href":"https:\/\/portalv1.com.br\/api\/wp\/v2\/categories?post=81554"},{"taxonomy":"post_tag","embeddable":true,"href":"https:\/\/portalv1.com.br\/api\/wp\/v2\/tags?post=81554"}],"curies":[{"name":"wp","href":"https:\/\/api.w.org\/{rel}","templated":true}]}}