{"id":81607,"date":"2019-12-12T12:23:49","date_gmt":"2019-12-12T15:23:49","guid":{"rendered":"https:\/\/portalv1.com.br\/?p=81607"},"modified":"2019-12-15T11:59:57","modified_gmt":"2019-12-15T14:59:57","slug":"dia-19-tem-washington-brasileiro-em-valenca-adquira-seu-ingresso","status":"publish","type":"post","link":"https:\/\/portalv1.com.br\/dia-19-tem-washington-brasileiro-em-valenca-adquira-seu-ingresso\/","title":{"rendered":"Dia 19 tem Washington Brasileiro em Valen\u00e7a. Adquira seu ingresso"},"content":{"rendered":"<p>Os ingressos para o show do cantor Washington Brasileiro em Valen\u00e7a continuam a venda com pre\u00e7os promocionais no Trailer do Valdinar no Xer\u00e9m, Bar do Nelsin com o Samuel no Sal\u00e3o da Regina Cabelereira em frente ao terminal rodovi\u00e1rio e no Bar da Iraneide ao pre\u00e7o de R$ 20 reais.<\/p>\n<p>O show acontece dia 19 de dezembro na Churrascaria Alto Bonito com a participa\u00e7\u00e3o da banda Tend\u00eancia do Forr\u00f3 e D`Alc\u00e2ntara.<\/p>\n<p>A festa que ter\u00e1 total seguran\u00e7a abre em grande estilo o Festejo de Valen\u00e7a 2019. A promo\u00e7\u00e3o \u00e9 de Morr\u00e9 Produ\u00e7\u00f5es. Veja o convite do cantor.<\/p>\n<p><div class=\"content-iframe\" data-content-width=\"600\"><iframe loading=\"lazy\" style=\"border: none; overflow: hidden;\" src=\"https:\/\/www.facebook.com\/plugins\/video.php?href=https%3A%2F%2Fwww.facebook.com%2Fadailtonpereiradasilva.morre%2Fvideos%2F2569830683133970%2F&amp;show_text=0&amp;width=560\" width=\"560\" height=\"308\" frameborder=\"0\" scrolling=\"no\" allowfullscreen=\"allowfullscreen\"><\/iframe><\/div><\/p>\n<p><a href=\"https:\/\/portalv1.com.br\/app\/wp-content\/uploads\/2019\/12\/80665810_211621776503612_1019802893097631744_o.jpg\"><img loading=\"lazy\" decoding=\"async\" class=\"aligncenter size-large wp-image-81609\" src=\"https:\/\/portalv1.com.br\/app\/wp-content\/uploads\/2019\/12\/80665810_211621776503612_1019802893097631744_o-640x942.jpg\" alt=\"\" width=\"640\" height=\"942\" srcset=\"https:\/\/portalv1.com.br\/app\/wp-content\/uploads\/2019\/12\/80665810_211621776503612_1019802893097631744_o-640x942.jpg 640w, https:\/\/portalv1.com.br\/app\/wp-content\/uploads\/2019\/12\/80665810_211621776503612_1019802893097631744_o-300x442.jpg 300w, https:\/\/portalv1.com.br\/app\/wp-content\/uploads\/2019\/12\/80665810_211621776503612_1019802893097631744_o.jpg 652w\" sizes=\"auto, (max-width: 640px) 100vw, 640px\" \/><\/a><\/p>\n","protected":false},"excerpt":{"rendered":"<p>Os ingressos para o show do cantor Washington Brasileiro em Valen\u00e7a continuam a venda com pre\u00e7os promocionais no Trailer do Valdinar no Xer\u00e9m, Bar do Nelsin com o Samuel no&#8230;<\/p>\n","protected":false},"author":1,"featured_media":81608,"comment_status":"open","ping_status":"open","sticky":false,"template":"","format":"standard","meta":{"ngg_post_thumbnail":0,"footnotes":""},"categories":[12],"tags":[],"class_list":["post-81607","post","type-post","status-publish","format-standard","has-post-thumbnail","hentry","category-valenca-news"],"views":1511,"meta_data":{"thumb":"https:\/\/portalv1.com.br\/app\/wp-content\/uploads\/2019\/12\/Apresentacao1-Copy.jpg","imagem":{"fullsize":{"url":"https:\/\/portalv1.com.br\/app\/wp-content\/uploads\/2019\/12\/Apresentacao1-Copy.jpg","width":640,"height":360},"medium":{"url":"https:\/\/portalv1.com.br\/app\/wp-content\/uploads\/2019\/12\/Apresentacao1-Copy-300x169.jpg","width":300,"height":169},"thumbnail":{"url":"https:\/\/portalv1.com.br\/app\/wp-content\/uploads\/2019\/12\/Apresentacao1-Copy-100x100.jpg","width":100,"height":100}},"data":{"simple":"12\/12\/2019","date_time":"12\/12\/2019 09:23:49","date":"h\u00e1 6 anos"},"chapeu":"Saiba detalhes ","source":"foto_menor"},"_links":{"self":[{"href":"https:\/\/portalv1.com.br\/api\/wp\/v2\/posts\/81607","targetHints":{"allow":["GET"]}}],"collection":[{"href":"https:\/\/portalv1.com.br\/api\/wp\/v2\/posts"}],"about":[{"href":"https:\/\/portalv1.com.br\/api\/wp\/v2\/types\/post"}],"author":[{"embeddable":true,"href":"https:\/\/portalv1.com.br\/api\/wp\/v2\/users\/1"}],"replies":[{"embeddable":true,"href":"https:\/\/portalv1.com.br\/api\/wp\/v2\/comments?post=81607"}],"version-history":[{"count":0,"href":"https:\/\/portalv1.com.br\/api\/wp\/v2\/posts\/81607\/revisions"}],"wp:featuredmedia":[{"embeddable":true,"href":"https:\/\/portalv1.com.br\/api\/wp\/v2\/media\/81608"}],"wp:attachment":[{"href":"https:\/\/portalv1.com.br\/api\/wp\/v2\/media?parent=81607"}],"wp:term":[{"taxonomy":"category","embeddable":true,"href":"https:\/\/portalv1.com.br\/api\/wp\/v2\/categories?post=81607"},{"taxonomy":"post_tag","embeddable":true,"href":"https:\/\/portalv1.com.br\/api\/wp\/v2\/tags?post=81607"}],"curies":[{"name":"wp","href":"https:\/\/api.w.org\/{rel}","templated":true}]}}