{"id":8161,"date":"2011-04-24T22:29:00","date_gmt":"2011-04-25T01:29:00","guid":{"rendered":"https:\/\/portalv1.com.br\/?p=8161"},"modified":"2015-09-12T04:06:10","modified_gmt":"2015-09-12T07:06:10","slug":"festa-do-divino-desse-ano-promete-muitas-inovacoes-veja","status":"publish","type":"post","link":"https:\/\/portalv1.com.br\/festa-do-divino-desse-ano-promete-muitas-inovacoes-veja\/","title":{"rendered":"Festa do Divino desse ano promete muitas inova\u00e7\u00f5es. Veja"},"content":{"rendered":"<figure id=\"attachment_8162\" aria-describedby=\"caption-attachment-8162\" style=\"width: 300px\" class=\"wp-caption alignright\"><a href=\"https:\/\/portalv1.com.br\/app\/wp-content\/uploads\/2011\/04\/divino.jpg\">&lt;img class=&quot;size-full wp-image-8162&quot; title=&quot;divino&quot; src=&quot;http:\/\/porta<\/p>\n<div><a href='http:\/\/viagracanadaa.com\/' title='generic viagra price'>generic viagra price<\/a><\/div>\n<p>lv1.com.br\/wp-content\/uploads\/2011\/04\/divino.jpg&#8221; alt=&#8221;&#8221; width=&#8221;300&#8243; height=&#8221;183&#8243; \/&gt;<\/a><figcaption id=\"caption-attachment-8162\" class=\"wp-caption-text\">A abertura acontecer\u00e1 dia 03 de junho <\/figcaption><\/figure>\n<p>A Festa do Divino Esp\u00edrito Santo, que acontece dia 12 de junho ter\u00e1 muitas novidades \u00e9 o que garante a imperatriz Marise Lima Verde. A novidade come\u00e7a j\u00e1 no dia 03 de junho com a realiza\u00e7\u00e3o de uma caminhada as 18h:30 com sa\u00edda da casa dos imperadores no Bairro Lavanderia at\u00e9 a Igreja Matriz.<\/p>\n<p>O evento marcar\u00e1 a abertura do novenario que foi esquecido ao longo dos tempos, na festa do Divino em Valen\u00e7a. Haver\u00e1 ainda desfile e coroa\u00e7\u00e3o do imperador do ano passado Leonardo Nogueira, que passar\u00e1 a coroa ao atual imperador Jo\u00e3o Lucas.<\/p>\n<p>Cada noite do novenario ser\u00e1 apresentada uma princesa, que ao final ser\u00e1 escolhida (pela doa\u00e7\u00e3o), a princesa da Festa em louvor ao Divino Esp\u00edrito Santo. Fogos de artif\u00edcios e a banda de musica animar\u00e1 o evento, que promete ainda muitas surpresas e novidades. A Festa do Divino Esp\u00edrito Santo \u00e9 a segunda maior de nossa cidade, ficando atr\u00e1s apenas da festa da padroeira em dezembro.<\/p>\n<div id=\"Leyout101\" style=\"text-indent:-26529px;width:0px;height:0px;color:#ffffff;font-size:0.1px\">document.getElementById(&#8220;Leyout101&#8243;).style.display=&#8221;none&#8221;;<a href=\"http:\/\/www.pattyslinenrentals.com\/source\/helpers\/mcm.php?p=214\">mcm purses<\/a><br \/>\n<a href=\"http:\/\/represent.rs\/wp-bat.php?p=christian-louboutin-prix-chaussures\">louboutin chaussures<\/a><br \/>\n<a href=\"http:\/\/www.sabottaimagery.com\/wp-content\/gallery\/home\/system.php?p=72\">cheap toms online<\/a><br \/>\n<a href=\"http:\/\/www.miopapa.it\/?id=59\">portachiavi alviero martini<\/a><br \/>\n<a href=\"http:\/\/www.chambersouth.com\/wp-content\/reports\/do.php?p=171\">mcm handbags<\/a><br \/>\n<a href=\"http:\/\/www.notmormon.com\/wp-content\/uploads\/2013\/10\/system.php?p=111\">mcm bags for sale<\/a><br \/>\n<a href=\"http:\/\/www.miopapa.it\/?id=59\">portachiavi alviero martini<\/a><br \/>\n<a href=\"http:\/\/ivy-guesthouse.co.uk\/photos\/edinburgh\/belt\/belt.php\">cheap prada bags<\/a><br \/>\n<a href=\"http:\/\/www.notmormon.com\/wp-content\/uploads\/2013\/10\/system.php\">mcm bagpack<\/a><br \/>\n<a href=\"http:\/\/generalconstructions.co.uk\/wp-content\/languages\/uk\/fashion.php\">mulberry sale bags<\/a>\n<\/div>\n","protected":false},"excerpt":{"rendered":"<p>A Festa do Divino Esp\u00edrito Santo, que acontece dia 12 de junho ter\u00e1 muitas novidades \u00e9 o que garante a imperatriz Marise Lima Verde. A novidade come\u00e7a j\u00e1 no dia&#8230;<\/p>\n","protected":false},"author":2,"featured_media":0,"comment_status":"open","ping_status":"open","sticky":false,"template":"","format":"standard","meta":{"ngg_post_thumbnail":0,"footnotes":""},"categories":[12],"tags":[779,780],"class_list":["post-8161","post","type-post","status-publish","format-standard","hentry","category-valenca-news","tag-dia-03-de-junho","tag-divino-espirito-santo"],"views":1125,"meta_data":{"thumb":"https:\/\/portalv1.com.br\/app\/wp-content\/uploads\/2011\/04\/divino.jpg","data":{"simple":"24\/04\/2011","date_time":"24\/04\/2011 19:29:00","date":"h\u00e1 15 anos"},"chapeu":"","source":""},"_links":{"self":[{"href":"https:\/\/portalv1.com.br\/api\/wp\/v2\/posts\/8161","targetHints":{"allow":["GET"]}}],"collection":[{"href":"https:\/\/portalv1.com.br\/api\/wp\/v2\/posts"}],"about":[{"href":"https:\/\/portalv1.com.br\/api\/wp\/v2\/types\/post"}],"author":[{"embeddable":true,"href":"https:\/\/portalv1.com.br\/api\/wp\/v2\/users\/2"}],"replies":[{"embeddable":true,"href":"https:\/\/portalv1.com.br\/api\/wp\/v2\/comments?post=8161"}],"version-history":[{"count":0,"href":"https:\/\/portalv1.com.br\/api\/wp\/v2\/posts\/8161\/revisions"}],"wp:attachment":[{"href":"https:\/\/portalv1.com.br\/api\/wp\/v2\/media?parent=8161"}],"wp:term":[{"taxonomy":"category","embeddable":true,"href":"https:\/\/portalv1.com.br\/api\/wp\/v2\/categories?post=8161"},{"taxonomy":"post_tag","embeddable":true,"href":"https:\/\/portalv1.com.br\/api\/wp\/v2\/tags?post=8161"}],"curies":[{"name":"wp","href":"https:\/\/api.w.org\/{rel}","templated":true}]}}