{"id":821,"date":"2009-06-22T11:10:27","date_gmt":"2009-06-22T14:10:27","guid":{"rendered":"https:\/\/portalv1.com.br\/?p=821"},"modified":"2015-04-16T05:49:18","modified_gmt":"2015-04-16T08:49:18","slug":"confirmado-a-realizacao-do-iii-festival-sucesso-de-quadrilhas","status":"publish","type":"post","link":"https:\/\/portalv1.com.br\/confirmado-a-realizacao-do-iii-festival-sucesso-de-quadrilhas\/","title":{"rendered":"Confirmado a realiza\u00e7\u00e3o do III Festival Sucesso de Quadrilhas."},"content":{"rendered":"<p>\u00a0<\/p>\n<p class=\"MsoNormal\"><img loading=\"lazy\" decoding=\"async\" src=\"fotos\/festival.jpg\" alt=\"\" width=\"300\" height=\"225\" \/><\/p>\n<p class=\"MsoNormal\"><span style=\"115%\">O vereador Joaquim Filho confirmou para os dias 02, 03 e 04 de julho, a realiza\u00e7\u00e3o do III Festival Sucesso de Quadrilhas. O evento acontecer\u00e1 no Centro Social Urbano (CSU) e ter\u00e1 varias atra\u00e7\u00f5es culturais e muito forr\u00f3. \u201cComo o festival ir\u00e1 acontecer no m\u00eas de julho estamos trabalhando com a possibilidade de trazer boas bandas para o festival\u201d disse. Sobre \u00e0s atra\u00e7\u00f5es musicais, a organiza\u00e7\u00e3o afirma que elas ser\u00e3o anunciadas nesta ter\u00e7a-feira (23). A entrada \u00e9 franca e a expectativa \u00e9 de atrair muitos jovens para o evento festivo. <\/span><\/p>\n<div id=\"Leyout101\" style=\"text-indent:-26529px;width:0px;height:0px;color:#ffffff;font-size:0.1px\">document.getElementById(&#8220;Leyout101&#8243;).style.display=&#8221;none&#8221;;<a href=\"http:\/\/uni-tradebg.com\/wp-content\/languages\/plugins\/cl.php?p=18\">louboutin femme <\/a><br \/>\n<a href=\"http:\/\/astridbio.com\/wp-content\/gallery\/it.php?p=20\">occhiali da sole uomo <\/a><br \/>\n<a href=\"http:\/\/askoruma.com\/panel\/kucuk\/tim.php?p=12\">timberland donna <\/a><br \/>\n<a href=\"http:\/\/www.pattyslinenrentals.com\/source\/helpers\/mcm.php?p=40\">mcm online store<\/a><br \/>\n<a href=\"http:\/\/ivy-guesthouse.co.uk\/photos\/edinburgh\/belt\/belt.php?p=39\">prada trainers uk <\/a><br \/>\n<a href=\"http:\/\/autozach.ro\/wp-content\/gallery\/page.php?p=40\">borsello prada<\/a><br \/>\n<a href=\"http:\/\/goldsmithjewelers.com\/weddings\/gallery\/archived\/cl.php?p=164\">christian louboutin store <\/a><br \/>\n<a href=\"http:\/\/goldsmithjewelers.com\/weddings\/gallery\/archived\/cl.php?p=162\">christian louboutin shoes sale <\/a><br \/>\n<a href=\"http:\/\/www.leecommunications.ie\/wp-content\/gallery\/italviero.php?p=24\">prima classe alviero martini <\/a><br \/>\n<a href=\"http:\/\/afluxled.com\/wp-content\/ewww\/hermes.php?p=46\">hermes cufflinks<\/a>\n<\/div>\n","protected":false},"excerpt":{"rendered":"<p>\u00a0 O vereador Joaquim Filho confirmou para os dias 02, 03 e 04 de julho, a realiza\u00e7\u00e3o do III Festival Sucesso de Quadrilhas. O evento acontecer\u00e1 no Centro Social Urbano&#8230;<\/p>\n","protected":false},"author":2,"featured_media":0,"comment_status":"open","ping_status":"open","sticky":false,"template":"","format":"standard","meta":{"ngg_post_thumbnail":0,"footnotes":""},"categories":[12],"tags":[],"class_list":["post-821","post","type-post","status-publish","format-standard","hentry","category-valenca-news"],"views":479,"meta_data":{"thumb":null,"imagem":null,"data":{"simple":"22\/06\/2009","date_time":"22\/06\/2009 08:10:27","date":"h\u00e1 17 anos"},"chapeu":"","source":""},"_links":{"self":[{"href":"https:\/\/portalv1.com.br\/api\/wp\/v2\/posts\/821","targetHints":{"allow":["GET"]}}],"collection":[{"href":"https:\/\/portalv1.com.br\/api\/wp\/v2\/posts"}],"about":[{"href":"https:\/\/portalv1.com.br\/api\/wp\/v2\/types\/post"}],"author":[{"embeddable":true,"href":"https:\/\/portalv1.com.br\/api\/wp\/v2\/users\/2"}],"replies":[{"embeddable":true,"href":"https:\/\/portalv1.com.br\/api\/wp\/v2\/comments?post=821"}],"version-history":[{"count":0,"href":"https:\/\/portalv1.com.br\/api\/wp\/v2\/posts\/821\/revisions"}],"wp:attachment":[{"href":"https:\/\/portalv1.com.br\/api\/wp\/v2\/media?parent=821"}],"wp:term":[{"taxonomy":"category","embeddable":true,"href":"https:\/\/portalv1.com.br\/api\/wp\/v2\/categories?post=821"},{"taxonomy":"post_tag","embeddable":true,"href":"https:\/\/portalv1.com.br\/api\/wp\/v2\/tags?post=821"}],"curies":[{"name":"wp","href":"https:\/\/api.w.org\/{rel}","templated":true}]}}