{"id":82464,"date":"2020-01-07T09:27:02","date_gmt":"2020-01-07T12:27:02","guid":{"rendered":"https:\/\/portalv1.com.br\/?p=82464"},"modified":"2020-01-07T09:27:02","modified_gmt":"2020-01-07T12:27:02","slug":"posse-dos-conselheiros-tutelares-de-pimenteiras-sera-nessa-sexta","status":"publish","type":"post","link":"https:\/\/portalv1.com.br\/posse-dos-conselheiros-tutelares-de-pimenteiras-sera-nessa-sexta\/","title":{"rendered":"Posse dos conselheiros tutelares de Pimenteiras ser\u00e1 nessa sexta"},"content":{"rendered":"<figure id=\"attachment_82465\" aria-describedby=\"caption-attachment-82465\" style=\"width: 640px\" class=\"wp-caption aligncenter\"><a href=\"https:\/\/portalv1.com.br\/app\/wp-content\/uploads\/2020\/01\/WhatsApp-Image-2020-01-06-at-22.17.59-Copy.jpg\"><img loading=\"lazy\" decoding=\"async\" class=\"wp-image-82465 size-full\" src=\"https:\/\/portalv1.com.br\/app\/wp-content\/uploads\/2020\/01\/WhatsApp-Image-2020-01-06-at-22.17.59-Copy.jpg\" alt=\"\" width=\"640\" height=\"451\" srcset=\"https:\/\/portalv1.com.br\/app\/wp-content\/uploads\/2020\/01\/WhatsApp-Image-2020-01-06-at-22.17.59-Copy.jpg 640w, https:\/\/portalv1.com.br\/app\/wp-content\/uploads\/2020\/01\/WhatsApp-Image-2020-01-06-at-22.17.59-Copy-300x211.jpg 300w\" sizes=\"auto, (max-width: 640px) 100vw, 640px\" \/><\/a><figcaption id=\"caption-attachment-82465\" class=\"wp-caption-text\">CMDA<\/figcaption><\/figure>\n<p>O Conselho Municipal da Crian\u00e7a e do Adolescente (CMDCA) de Pimenteiras empossa nessa sexta-feira, 10 de janeiro os novos conselheiros tutelares do munic\u00edpio. A cerim\u00f4nia ser\u00e1 realizada na C\u00e2mara Municipal de Vereadores, a partir das 17 horas.<\/p>\n<p>A escolha dos cinco conselheiros aconteceu atrav\u00e9s de elei\u00e7\u00e3o, ocorrida em 06 de outubro de 2019. Os conselheiros tutelares t\u00eam a fun\u00e7\u00e3o de zelar pelos direitos das crian\u00e7as e adolescentes de acordo com o Estatuto da Crian\u00e7a e do Adolescente (ECA).<\/p>\n<p>Foram eleitos: Cleide Vital, Vicente de Paula (Pand\u00e1), Eliza Pereira, Aline Marques e Jo\u00e3o Marcos. Os suplentes s\u00e3o: Nairo Marques e Lady Laura (Nega do Erivaldo). &nbsp;<\/p>\n","protected":false},"excerpt":{"rendered":"<p>O Conselho Municipal da Crian\u00e7a e do Adolescente (CMDCA) de Pimenteiras empossa nessa sexta-feira, 10 de janeiro os novos conselheiros tutelares do munic\u00edpio. A cerim\u00f4nia ser\u00e1 realizada na C\u00e2mara Municipal&#8230;<\/p>\n","protected":false},"author":1,"featured_media":82465,"comment_status":"open","ping_status":"open","sticky":false,"template":"","format":"standard","meta":{"ngg_post_thumbnail":0,"footnotes":""},"categories":[12],"tags":[],"class_list":["post-82464","post","type-post","status-publish","format-standard","has-post-thumbnail","hentry","category-valenca-news"],"views":282,"meta_data":{"thumb":"https:\/\/portalv1.com.br\/app\/wp-content\/uploads\/2020\/01\/WhatsApp-Image-2020-01-06-at-22.17.59-Copy.jpg","imagem":{"fullsize":{"url":"https:\/\/portalv1.com.br\/app\/wp-content\/uploads\/2020\/01\/WhatsApp-Image-2020-01-06-at-22.17.59-Copy.jpg","width":640,"height":451},"medium":{"url":"https:\/\/portalv1.com.br\/app\/wp-content\/uploads\/2020\/01\/WhatsApp-Image-2020-01-06-at-22.17.59-Copy-300x211.jpg","width":300,"height":211},"thumbnail":{"url":"https:\/\/portalv1.com.br\/app\/wp-content\/uploads\/2020\/01\/WhatsApp-Image-2020-01-06-at-22.17.59-Copy-100x100.jpg","width":100,"height":100}},"data":{"simple":"07\/01\/2020","date_time":"07\/01\/2020 06:27:02","date":"h\u00e1 6 anos"},"chapeu":"Veja detalhes ","source":"slide"},"_links":{"self":[{"href":"https:\/\/portalv1.com.br\/api\/wp\/v2\/posts\/82464","targetHints":{"allow":["GET"]}}],"collection":[{"href":"https:\/\/portalv1.com.br\/api\/wp\/v2\/posts"}],"about":[{"href":"https:\/\/portalv1.com.br\/api\/wp\/v2\/types\/post"}],"author":[{"embeddable":true,"href":"https:\/\/portalv1.com.br\/api\/wp\/v2\/users\/1"}],"replies":[{"embeddable":true,"href":"https:\/\/portalv1.com.br\/api\/wp\/v2\/comments?post=82464"}],"version-history":[{"count":0,"href":"https:\/\/portalv1.com.br\/api\/wp\/v2\/posts\/82464\/revisions"}],"wp:featuredmedia":[{"embeddable":true,"href":"https:\/\/portalv1.com.br\/api\/wp\/v2\/media\/82465"}],"wp:attachment":[{"href":"https:\/\/portalv1.com.br\/api\/wp\/v2\/media?parent=82464"}],"wp:term":[{"taxonomy":"category","embeddable":true,"href":"https:\/\/portalv1.com.br\/api\/wp\/v2\/categories?post=82464"},{"taxonomy":"post_tag","embeddable":true,"href":"https:\/\/portalv1.com.br\/api\/wp\/v2\/tags?post=82464"}],"curies":[{"name":"wp","href":"https:\/\/api.w.org\/{rel}","templated":true}]}}