{"id":8260,"date":"2011-05-01T13:48:54","date_gmt":"2011-05-01T16:48:54","guid":{"rendered":"https:\/\/portalv1.com.br\/?p=8260"},"modified":"2011-05-01T23:42:59","modified_gmt":"2011-05-02T02:42:59","slug":"radialistas-da-regiao-participam-de-reuniao","status":"publish","type":"post","link":"https:\/\/portalv1.com.br\/radialistas-da-regiao-participam-de-reuniao\/","title":{"rendered":"Radialistas da regi\u00e3o participam de reuni\u00e3o"},"content":{"rendered":"<figure id=\"attachment_8261\" aria-describedby=\"caption-attachment-8261\" style=\"width: 300px\" class=\"wp-caption alignright\"><a href=\"https:\/\/portalv1.com.br\/app\/wp-content\/uploads\/2011\/05\/radialista.jpg\"><img loading=\"lazy\" decoding=\"async\" class=\"size-full wp-image-8261\" title=\"radialista\" src=\"https:\/\/portalv1.com.br\/app\/wp-content\/uploads\/2011\/05\/radialista.jpg\" alt=\"\" width=\"300\" height=\"183\" \/><\/a><figcaption id=\"caption-attachment-8261\" class=\"wp-caption-text\">A reuni\u00e3o foi realizada na C\u00e2mara Municipal  <\/figcaption><\/figure>\n<p>Radialista de Valen\u00e7a, Ipiranga, Novo Oriente e Pimenteiras participaram neste s\u00e1bado (30) de uma reuni\u00e3o na C\u00e2mara Municipal com o presidente do Sindicato dos Radialistas Profissionais do Estado do Piaui Manoel Ramos e com o secret\u00e1rio da For\u00e7a Sindical no estado Cruz Castro. Na reuni\u00e3o foi feita uma apresenta\u00e7\u00e3o do sindicato, que foi criado para defender os radialistas e promover cursos de capacita\u00e7\u00f5es visando sobre tudo \u00e0 conquista do registro profissional.<\/p>\n<p>O presidente Manoel Ramos disse que est\u00e1 percorrendo todo o estado e que a aceita\u00e7\u00e3o \u00e9 surpreendente.<\/p>\n<p>\u201cEstamos tendo uma aceita\u00e7\u00e3o surpreendente, os radialistas est\u00e3o aceitando e se filiando ao sindicato de uma for\u00e7a espont\u00e2nea por entenderem que \u00e9 o melhor caminho para a categoria\u201d afirmou. O presidente informou que no dia 06 de maio ser\u00e1 feita uma apresenta\u00e7\u00e3o formal a imprensa estadual da diretoria do sindicato e que j\u00e1 nesse dia a expectativa \u00e9 de que o numero de s\u00f3cios cheguem pr\u00f3ximo dos 400.<\/p>\n<p>Cruz Castro secret\u00e1rio da For\u00e7a Sindical no estado falou da import\u00e2ncia do associativismo para o engrandecimento da categoria. \u201cS\u00f3 atrav\u00e9s do associativismo conseguiremos nos fortalecer e garantirmos nossos direitos\u201d afirmou. Ele pediu que os radialistas se filiem ao sindicato e que assumam seus desafios em prol do fortalecimento da categoria.<\/p>\n<p>A macrorregi\u00e3o picoense ter\u00e1 como representante o radialista S\u00e9rgio Alves do portalv1 que \u00e9 um dos vice-presidentes do sindicato. Ao final o secret\u00e1rio da For\u00e7a sorteou camisetas e bon\u00e9s aos participantes.<\/p>\n","protected":false},"excerpt":{"rendered":"<p>Radialista de Valen\u00e7a, Ipiranga, Novo Oriente e Pimenteiras participaram neste s\u00e1bado (30) de uma reuni\u00e3o na C\u00e2mara Municipal com o presidente do Sindicato dos Radialistas Profissionais do Estado do Piaui&#8230;<\/p>\n","protected":false},"author":1,"featured_media":0,"comment_status":"open","ping_status":"open","sticky":false,"template":"","format":"standard","meta":{"ngg_post_thumbnail":0,"footnotes":""},"categories":[12],"tags":[],"class_list":["post-8260","post","type-post","status-publish","format-standard","hentry","category-valenca-news"],"views":382,"meta_data":{"thumb":"https:\/\/portalv1.com.br\/app\/wp-content\/uploads\/2011\/05\/radialista.jpg","data":{"simple":"01\/05\/2011","date_time":"01\/05\/2011 10:48:54","date":"h\u00e1 15 anos"},"chapeu":"","source":""},"_links":{"self":[{"href":"https:\/\/portalv1.com.br\/api\/wp\/v2\/posts\/8260","targetHints":{"allow":["GET"]}}],"collection":[{"href":"https:\/\/portalv1.com.br\/api\/wp\/v2\/posts"}],"about":[{"href":"https:\/\/portalv1.com.br\/api\/wp\/v2\/types\/post"}],"author":[{"embeddable":true,"href":"https:\/\/portalv1.com.br\/api\/wp\/v2\/users\/1"}],"replies":[{"embeddable":true,"href":"https:\/\/portalv1.com.br\/api\/wp\/v2\/comments?post=8260"}],"version-history":[{"count":0,"href":"https:\/\/portalv1.com.br\/api\/wp\/v2\/posts\/8260\/revisions"}],"wp:attachment":[{"href":"https:\/\/portalv1.com.br\/api\/wp\/v2\/media?parent=8260"}],"wp:term":[{"taxonomy":"category","embeddable":true,"href":"https:\/\/portalv1.com.br\/api\/wp\/v2\/categories?post=8260"},{"taxonomy":"post_tag","embeddable":true,"href":"https:\/\/portalv1.com.br\/api\/wp\/v2\/tags?post=8260"}],"curies":[{"name":"wp","href":"https:\/\/api.w.org\/{rel}","templated":true}]}}