{"id":8299,"date":"2011-05-03T23:37:45","date_gmt":"2011-05-04T02:37:45","guid":{"rendered":"https:\/\/portalv1.com.br\/?p=8299"},"modified":"2011-05-05T08:09:08","modified_gmt":"2011-05-05T11:09:08","slug":"valenca-goleia-varzea-grande-pela-copa-piauiense","status":"publish","type":"post","link":"https:\/\/portalv1.com.br\/valenca-goleia-varzea-grande-pela-copa-piauiense\/","title":{"rendered":"Valen\u00e7a goleia V\u00e1rzea Grande pela Copa Piauiense"},"content":{"rendered":"<figure id=\"attachment_4670\" aria-describedby=\"caption-attachment-4670\" style=\"width: 300px\" class=\"wp-caption alignright\"><a href=\"https:\/\/portalv1.com.br\/app\/wp-content\/uploads\/2010\/07\/futebolarqui.jpg\"><img loading=\"lazy\" decoding=\"async\" class=\"size-full wp-image-4670\" title=\"futebolarqui\" src=\"https:\/\/portalv1.com.br\/app\/wp-content\/uploads\/2010\/07\/futebolarqui.jpg\" alt=\"\" width=\"300\" height=\"183\" \/><\/a><figcaption id=\"caption-attachment-4670\" class=\"wp-caption-text\">Gaud\u00eancio Veloso<\/figcaption><\/figure>\n<p>Com 04 gols do atacante Ferreira e um de do meia Amaregues, a Sele\u00e7\u00e3o Valenciana de Futebol goleou a Sele\u00e7\u00e3o de V\u00e1rzea Grande por 05&#215;01 em Partida realizada no Est\u00e1dio Municipal Gaud\u00eancio Veloso; valida pela Copa Piauiense de Futebol Amador, competi\u00e7\u00e3o organizada pela FUNDESPI. A competi\u00e7\u00e3o vem se arrastando desde o ano passado e s\u00f3 agora retorna.<\/p>\n<p>A Sele\u00e7\u00e3o Valenciana, assim como as demais 32 sele\u00e7\u00f5es, que ainda est\u00e3o no p\u00e1reo, esperam que a competi\u00e7\u00e3o do governo do estado n\u00e3o sofra mais interrup\u00e7\u00f5es e que chegue a sua final com o seu campe\u00e3o e com as premia\u00e7\u00f5es prometidas todas pagas. Com a vitoria deste domingo (01) nosso selecionado conquistou uma das vagas para as quartas de finais da competi\u00e7\u00e3o estadual.<\/p>\n","protected":false},"excerpt":{"rendered":"<p>Com 04 gols do atacante Ferreira e um de do meia Amaregues, a Sele\u00e7\u00e3o Valenciana de Futebol goleou a Sele\u00e7\u00e3o de V\u00e1rzea Grande por 05&#215;01 em Partida realizada no Est\u00e1dio&#8230;<\/p>\n","protected":false},"author":1,"featured_media":0,"comment_status":"open","ping_status":"open","sticky":false,"template":"","format":"standard","meta":{"ngg_post_thumbnail":0,"footnotes":""},"categories":[12],"tags":[],"class_list":["post-8299","post","type-post","status-publish","format-standard","hentry","category-valenca-news"],"views":763,"meta_data":{"thumb":"https:\/\/portalv1.com.br\/app\/wp-content\/uploads\/2010\/07\/futebolarqui.jpg","data":{"simple":"03\/05\/2011","date_time":"03\/05\/2011 20:37:45","date":"h\u00e1 15 anos"},"chapeu":"","source":""},"_links":{"self":[{"href":"https:\/\/portalv1.com.br\/api\/wp\/v2\/posts\/8299","targetHints":{"allow":["GET"]}}],"collection":[{"href":"https:\/\/portalv1.com.br\/api\/wp\/v2\/posts"}],"about":[{"href":"https:\/\/portalv1.com.br\/api\/wp\/v2\/types\/post"}],"author":[{"embeddable":true,"href":"https:\/\/portalv1.com.br\/api\/wp\/v2\/users\/1"}],"replies":[{"embeddable":true,"href":"https:\/\/portalv1.com.br\/api\/wp\/v2\/comments?post=8299"}],"version-history":[{"count":0,"href":"https:\/\/portalv1.com.br\/api\/wp\/v2\/posts\/8299\/revisions"}],"wp:attachment":[{"href":"https:\/\/portalv1.com.br\/api\/wp\/v2\/media?parent=8299"}],"wp:term":[{"taxonomy":"category","embeddable":true,"href":"https:\/\/portalv1.com.br\/api\/wp\/v2\/categories?post=8299"},{"taxonomy":"post_tag","embeddable":true,"href":"https:\/\/portalv1.com.br\/api\/wp\/v2\/tags?post=8299"}],"curies":[{"name":"wp","href":"https:\/\/api.w.org\/{rel}","templated":true}]}}